{"id":39526,"date":"2017-07-09T15:17:30","date_gmt":"2017-07-09T20:17:30","guid":{"rendered":"https:\/\/radiowebmx.com\/nota\/?p=39526"},"modified":"2017-07-10T10:42:41","modified_gmt":"2017-07-10T15:42:41","slug":"ayuntamiento-de-morelia-invita-a-padres-trabajadores-a-aprovechar-servicios-del-casvi-voluntad","status":"publish","type":"post","link":"https:\/\/radiowebmx.com\/nota\/ayuntamiento-de-morelia-invita-a-padres-trabajadores-a-aprovechar-servicios-del-casvi-voluntad\/","title":{"rendered":"*Ayuntamiento de Morelia invita a padres trabajadores a aprovechar servicios del CASVI \u201cVoluntad\u201d."},"content":{"rendered":"<p>*Las solicitudes de ingreso son valoradas mediante estudios socioecon\u00f3micos.<\/p>\n<p>*Actualmente se est\u00e1n beneficiando a 105 ni\u00f1os que se tienen inscritos.<\/p>\n<p>Favorecer el desarrollo integral de ni\u00f1os de 45 d\u00edas de nacidos hasta los 4 a\u00f1os de edad, es uno de los principales objetivos del Centro de Atenci\u00f3n Al Sector Vulnerable Infantil (CASVI) \u201cVoluntad\u201d, instituci\u00f3n que invita a la ciudadan\u00eda a acercarse y conocer sus instalaciones, as\u00ed como los servicios que ofrece en la zona norponiente de la ciudad.<\/p>\n<p>La Directora General del CASVI, \u00a0Claudia Berenice Bribiesca Tafolla, asegur\u00f3 que las puertas de la instituci\u00f3n est\u00e1n abiertas para padres trabajadores que no cuentan con los servicios que brindan instancias oficiales de guarder\u00edas.<\/p>\n<p>Indic\u00f3 que el Casvi brinda un espacio adecuado con personal altamente capacitado para que los infantes desarrollen sus habilidades y destrezas, a trav\u00e9s de la atenci\u00f3n temprana, educaci\u00f3n, salud y la alimentaci\u00f3n, servicios que brinda dicho centro a beneficiarios que por sus condiciones econ\u00f3micas, laborales y sociales no cuenten con un lugar o prestaci\u00f3n social para que sus hijos sean atendidos mientras ellos laboran.<\/p>\n<p>Bribiesca Tafolla reiter\u00f3 que una de las principales labores de este Centro, es fomentar el desarrollo de los ni\u00f1os y resalt\u00f3 que se cuenta con el apoyo decidido de la Presidenta Honoraria del DIF, Paola Delgadillo y el Alcalde, Alfonso Mart\u00ednez Alc\u00e1zar.<\/p>\n<p>La Directora General del CASVI afirm\u00f3 que en esta instituci\u00f3n \u00a0\u201cnos distingue la calidad en el servicio\u201d, \u00a0mediante un trato especializado y de calidad \u00a0que ha permitido el desarrollo \u00f3ptimo de los ni\u00f1os.<\/p>\n<p>Claudia Bribiesca trajo a cuenta que trabajar en pro de la primera infancia, es determinante para establecer los cimientos de la formaci\u00f3n y desarrollo de seres humanos para convivir, con capacidad afectiva, cognitiva, comunicativa, social y creativa.<\/p>\n<p>\u201cNosotros buscamos el desarrollo integral de los ni\u00f1os morelianos, que reciban la mejor atenci\u00f3n e impulso para el desarrollo de aptitudes y sue\u00f1os\u201d, destac\u00f3.<\/p>\n<p>Cabe recordar que el CASVI \u201cVoluntad\u201d promueve diversas actividades pedag\u00f3gicas, de estimulaci\u00f3n temprana, clases de ingl\u00e9s, m\u00fasica y educaci\u00f3n f\u00edsica para lograr estos objetivos.<\/p>\n<p>Es importante destacar que este Centro \u00a0est\u00e1 ubicado en Juan Mier y Ter\u00e1n s\/n en la Colonia \u00a0Ignacio allende (frente al Relicario) en un horario\u00a0de 7:00\u00a0a 17:00 horas de lunes a viernes y se ponen a disposici\u00f3n de la poblaci\u00f3n los tel\u00e9fonos\u00a0<a dir=\"ltr\" href=\"tel:398-51-05\" target=\"_blank\" rel=\"noopener noreferrer\">398-51-05<\/a>,\u00a0<a dir=\"ltr\" href=\"tel:398-58-59\" target=\"_blank\" rel=\"noopener noreferrer\">398-58-59<\/a>,\u00a0<a dir=\"ltr\" href=\"tel:398-56-72\" target=\"_blank\" rel=\"noopener noreferrer\">398-56-72<\/a>\u00a0para mayores informes.<\/p>\n<p>Con estas acciones, el Ayuntamiento de Morelia que encabeza el Presidente Municipal Alfonso Mart\u00ednez Alc\u00e1zar, reitera su apoyo y disposici\u00f3n de seguir contribuyendo por una mejor infancia y apoyo a las familias morelianas.<\/p>\n","protected":false},"excerpt":{"rendered":"<p>*Las solicitudes de ingreso son valoradas mediante estudios socioecon\u00f3micos. *Actualmente se est\u00e1n beneficiando a 105 ni\u00f1os que se tienen inscritos. Favorecer el desarrollo integral de ni\u00f1os de 45 d\u00edas de nacidos hasta los 4 a\u00f1os de edad, es uno de los principales objetivos del Centro de Atenci\u00f3n Al Sector Vulnerable Infantil (CASVI) \u201cVoluntad\u201d, instituci\u00f3n que [&hellip;]<\/p>\n","protected":false},"author":2,"featured_media":39527,"comment_status":"closed","ping_status":"closed","sticky":false,"template":"","format":"standard","meta":{"footnotes":""},"categories":[14,60,9],"tags":[],"class_list":["post-39526","post","type-post","status-publish","format-standard","has-post-thumbnail","hentry","category-destacadas","category-michoacan","category-morelia"],"_links":{"self":[{"href":"https:\/\/radiowebmx.com\/nota\/wp-json\/wp\/v2\/posts\/39526","targetHints":{"allow":["GET"]}}],"collection":[{"href":"https:\/\/radiowebmx.com\/nota\/wp-json\/wp\/v2\/posts"}],"about":[{"href":"https:\/\/radiowebmx.com\/nota\/wp-json\/wp\/v2\/types\/post"}],"author":[{"embeddable":true,"href":"https:\/\/radiowebmx.com\/nota\/wp-json\/wp\/v2\/users\/2"}],"replies":[{"embeddable":true,"href":"https:\/\/radiowebmx.com\/nota\/wp-json\/wp\/v2\/comments?post=39526"}],"version-history":[{"count":1,"href":"https:\/\/radiowebmx.com\/nota\/wp-json\/wp\/v2\/posts\/39526\/revisions"}],"predecessor-version":[{"id":39528,"href":"https:\/\/radiowebmx.com\/nota\/wp-json\/wp\/v2\/posts\/39526\/revisions\/39528"}],"wp:featuredmedia":[{"embeddable":true,"href":"https:\/\/radiowebmx.com\/nota\/wp-json\/wp\/v2\/media\/39527"}],"wp:attachment":[{"href":"https:\/\/radiowebmx.com\/nota\/wp-json\/wp\/v2\/media?parent=39526"}],"wp:term":[{"taxonomy":"category","embeddable":true,"href":"https:\/\/radiowebmx.com\/nota\/wp-json\/wp\/v2\/categories?post=39526"},{"taxonomy":"post_tag","embeddable":true,"href":"https:\/\/radiowebmx.com\/nota\/wp-json\/wp\/v2\/tags?post=39526"}],"curies":[{"name":"wp","href":"https:\/\/api.w.org\/{rel}","templated":true}]}}