{"id":39519,"date":"2017-07-09T16:23:29","date_gmt":"2017-07-09T21:23:29","guid":{"rendered":"https:\/\/radiowebmx.com\/nota\/?p=39519"},"modified":"2017-07-10T10:38:44","modified_gmt":"2017-07-10T15:38:44","slug":"en-morelia-la-cultura-y-la-educacion-son-prioridad-miguel-salmon-del-real","status":"publish","type":"post","link":"https:\/\/radiowebmx.com\/nota\/en-morelia-la-cultura-y-la-educacion-son-prioridad-miguel-salmon-del-real\/","title":{"rendered":"En Morelia la Cultura y la Educaci\u00f3n son prioridad: Miguel Salm\u00f3n del Real."},"content":{"rendered":"<div>*La capital michoacana ser\u00e1 sede del VIII Encuentro Iberoamericano de Colectivos y Redes de Maestros y Maestras, Educadores y Educadoras que hacen investigaci\u00f3n e innovaci\u00f3n desde su escuela y comunidad.<\/p>\n<p>*M\u00e1s de 600 maestros de Latinoam\u00e9rica y Espa\u00f1a estar\u00e1n en Morelia del 09 al 21 de Julio.<\/p>\n<\/div>\n<div><\/div>\n<div>\u00a0 \u00a0 \u00a0 \u00a0 \u00a0 \u00a0 \u00a0 \u00a0 \u00a0 \u00a0 \u00a0 \u00a0 \u00a0 \u00a0 \u00a0 \u00a0 \u00a0 \u00a0 \u00a0 \u00a0 \u00a0 \u00a0 \u00a0 \u00a0 \u00a0 \u00a0 \u00a0 \u00a0 \u00a0 \u00a0 \u00a0 \u00a0 \u00a0 \u00a0 \u00a0 \u00a0 Morelia, Mich a 09 de Julio del 2017.<br \/>\nBOLETIN 2017.\n<\/div>\n<div>\nLa capital michoacana contin\u00faa refrend\u00e1ndose como un destino tur\u00edstico, prioritario a nivel nacional, para la realizaci\u00f3n de eventos de corte internacional en distintas ramas que adem\u00e1s de derivar en derrama econ\u00f3mica, confirman a Morelia como un marco ideal para el aprendizaje y el desarrollo.<br \/>\n<a href=\"https:\/\/radiowebmx.com\/nota\/wp-content\/uploads\/2017\/07\/5f04b4f2-53bd-4e74-b4ab-3793ff2ac693.jpeg\"><img loading=\"lazy\" decoding=\"async\" class=\"alignnone size-medium wp-image-39521\" src=\"https:\/\/radiowebmx.com\/nota\/wp-content\/uploads\/2017\/07\/5f04b4f2-53bd-4e74-b4ab-3793ff2ac693-595x459.jpeg\" alt=\"\" width=\"595\" height=\"459\" srcset=\"https:\/\/radiowebmx.com\/nota\/wp-content\/uploads\/2017\/07\/5f04b4f2-53bd-4e74-b4ab-3793ff2ac693-595x459.jpeg 595w, https:\/\/radiowebmx.com\/nota\/wp-content\/uploads\/2017\/07\/5f04b4f2-53bd-4e74-b4ab-3793ff2ac693.jpeg 709w\" sizes=\"auto, (max-width: 595px) 100vw, 595px\" \/><\/a><br \/>\nPrueba de ello, este domingo el Secretario de Cultura Municipal Miguel Salm\u00f3n del Real, anunci\u00f3 que Morelia ser\u00e1 una de las sedes del 8vo. Encuentro Iberoamericano de Colectivos y Redes de Maestros y Maestras, Educadores y Educadoras que hacen investigaci\u00f3n e innovaci\u00f3n desde su escuela y comunidad, evento que traer\u00e1 a la ciudad a m\u00e1s de 600 profesionales de distintos lugares de Latinoam\u00e9rica como Argentina, Per\u00fa, Colombia, Brasil\u00a0y Venezuela, adem\u00e1s de visitantes Espa\u00f1oles.<\/p>\n<p>En rueda de prensa y acompa\u00f1ado de Juan Hurtado Chagoya, Coordinador del Encuentro en Michoac\u00e1n; Luis Naum Pedraza, Sub Secretario de Promoci\u00f3n Tur\u00edstica del Estado;\u00a0 Jos\u00e9 Luis Monta\u00f1ez Espinosa, Secretario de Innovaci\u00f3n, Ciencia y Desarrollo Tecnol\u00f3gico del Estado; Salm\u00f3n del Real reiter\u00f3\u00a0 que es prioritario para la actual administraci\u00f3n que encabeza el Presidente Municipal Alfonso Mart\u00ednez, el convertir a Morelia adem\u00e1s de la Capital Cultural del Pa\u00eds en una ciudad l\u00edder en materia educativa, raz\u00f3n por la cual este encuentro es recibido con los brazos abiertos.<\/p>\n<p>\u201cMorelia como una ciudad que educa:\u00a0es una de las principales l\u00edneas que estamos siguiendo, por eso estamos apoyando esta cruzada a favor de la educaci\u00f3n, y me congratulo de esta iniciativa que tendr\u00e1 un sinf\u00edn de actividades en Morelia y en todo el estado\u201d, se\u00f1al\u00f3 Salm\u00f3n del Real.<\/p>\n<p>Durante el encuentro con los medios de comunicaci\u00f3n y como sede la Sala de Cabildo de Palacio Municipal, el funcionario se\u00f1al\u00f3 que este encuentro de 600 maestros Latinoamericanos y nacionales se desarrollar\u00e1 en Morelia del 17 al 21 de Julio, con actividades acad\u00e9micas, culturales y recreativas, en su mayor\u00eda celebradas en el Centro de Convenciones y en la Plaza Jos\u00e9 Mar\u00eda Morelos, inaugur\u00e1ndose el d\u00eda 17 en el Teatro Morelos.<\/p>\n<p>Como objetivo del magno encuentro, Salm\u00f3n del Real puntualiz\u00f3 el intercambio de experiencias y propuestas entre los cientos de educadoras y educadores de Am\u00e9rica Latina y Espa\u00f1a, para construir una mirada humana e integral en la experiencia educativa.<\/p>\n<p>Con el apoyo de todos los niveles de Gobierno, las actividades del Encuentro Iberoamericano de Educadores 2017, arrancar\u00e1n este domingo 09 de Julio, con las rutas pedag\u00f3gicas por el Estado de Puebla, pasando por Quer\u00e9taro, Guerrero, Oaxaca, Estado de M\u00e9xico y por supuesto Michoac\u00e1n.<\/p>\n<\/div>\n","protected":false},"excerpt":{"rendered":"<p>*La capital michoacana ser\u00e1 sede del VIII Encuentro Iberoamericano de Colectivos y Redes de Maestros y Maestras, Educadores y Educadoras que hacen investigaci\u00f3n e innovaci\u00f3n desde su escuela y comunidad. *M\u00e1s de 600 maestros de Latinoam\u00e9rica y Espa\u00f1a estar\u00e1n en Morelia del 09 al 21 de Julio. \u00a0 \u00a0 \u00a0 \u00a0 \u00a0 \u00a0 \u00a0 \u00a0 [&hellip;]<\/p>\n","protected":false},"author":2,"featured_media":39520,"comment_status":"closed","ping_status":"closed","sticky":false,"template":"","format":"standard","meta":{"footnotes":""},"categories":[14,60,9],"tags":[],"class_list":["post-39519","post","type-post","status-publish","format-standard","has-post-thumbnail","hentry","category-destacadas","category-michoacan","category-morelia"],"_links":{"self":[{"href":"https:\/\/radiowebmx.com\/nota\/wp-json\/wp\/v2\/posts\/39519","targetHints":{"allow":["GET"]}}],"collection":[{"href":"https:\/\/radiowebmx.com\/nota\/wp-json\/wp\/v2\/posts"}],"about":[{"href":"https:\/\/radiowebmx.com\/nota\/wp-json\/wp\/v2\/types\/post"}],"author":[{"embeddable":true,"href":"https:\/\/radiowebmx.com\/nota\/wp-json\/wp\/v2\/users\/2"}],"replies":[{"embeddable":true,"href":"https:\/\/radiowebmx.com\/nota\/wp-json\/wp\/v2\/comments?post=39519"}],"version-history":[{"count":1,"href":"https:\/\/radiowebmx.com\/nota\/wp-json\/wp\/v2\/posts\/39519\/revisions"}],"predecessor-version":[{"id":39522,"href":"https:\/\/radiowebmx.com\/nota\/wp-json\/wp\/v2\/posts\/39519\/revisions\/39522"}],"wp:featuredmedia":[{"embeddable":true,"href":"https:\/\/radiowebmx.com\/nota\/wp-json\/wp\/v2\/media\/39520"}],"wp:attachment":[{"href":"https:\/\/radiowebmx.com\/nota\/wp-json\/wp\/v2\/media?parent=39519"}],"wp:term":[{"taxonomy":"category","embeddable":true,"href":"https:\/\/radiowebmx.com\/nota\/wp-json\/wp\/v2\/categories?post=39519"},{"taxonomy":"post_tag","embeddable":true,"href":"https:\/\/radiowebmx.com\/nota\/wp-json\/wp\/v2\/tags?post=39519"}],"curies":[{"name":"wp","href":"https:\/\/api.w.org\/{rel}","templated":true}]}}