{"id":39507,"date":"2017-07-07T15:17:09","date_gmt":"2017-07-07T20:17:09","guid":{"rendered":"https:\/\/radiowebmx.com\/nota\/?p=39507"},"modified":"2017-07-07T15:17:09","modified_gmt":"2017-07-07T20:17:09","slug":"michoacan-tendra-implicaciones-por-el-nivel-de-su-deuda-advierte-miguel-angel-villegas","status":"publish","type":"post","link":"https:\/\/radiowebmx.com\/nota\/michoacan-tendra-implicaciones-por-el-nivel-de-su-deuda-advierte-miguel-angel-villegas\/","title":{"rendered":"Michoac\u00e1n tendr\u00e1 implicaciones por el nivel de su deuda, advierte Miguel \u00c1ngel Villegas"},"content":{"rendered":"<ul type=\"disc\">\n<li class=\"x_MsoNormal\"><i>El diputado del PAN explic\u00f3 que se restringir\u00e1 el uso de los ingresos excedentes y que el Estado no podr\u00e1 endeudarse por m\u00e1s de mil 260 millones de pesos<\/i><\/li>\n<\/ul>\n<p class=\"x_MsoNormal\"><b>Morelia; Michoac\u00e1n, 07 de julio de 2017.-<\/b>\u00a0\u00a0Michoac\u00e1n tendr\u00e1 restricciones en el uso de sus ingresos excedentes y un techo de financiamiento neto que no podr\u00e1 rebasar el 5 por ciento de sus recursos de libre disposici\u00f3n, es decir, que no podr\u00e1 contraer nueva deuda por m\u00e1s de mil 260 millones de pesos.<\/p>\n<p class=\"x_MsoNormal\">El presidente de la comisi\u00f3n de Hacienda y Deuda P\u00fablica, Miguel \u00c1ngel Villegas Soto, explico que estas son las implicaciones de haber obtenido un nivel de endeudamiento en observaci\u00f3n, de acuerdo a la primera clasificaci\u00f3n que realiz\u00f3 la Secretar\u00eda de Hacienda y Cr\u00e9dito P\u00fablico (SHCP) y que dio a conocer el pasado 30 de junio.<\/p>\n<p class=\"x_MsoNormal\">En el caso de los ingresos excedentes de libre disposici\u00f3n, el legislador del Partido Acci\u00f3n Nacional (PAN) precis\u00f3 que \u201c\u00e9stos deber\u00e1n ser destinados, por lo menos, para el 50 por ciento de la amortizaci\u00f3n anticipada de la deuda p\u00fablica, el pago de adeudos de ejercicios fiscales anteriores, pasivo circulante, inversi\u00f3n p\u00fablica productiva y la creaci\u00f3n de un fondo para compensar la ca\u00edda de los ingresos de libre disposici\u00f3n\u201d.<\/p>\n<p class=\"x_MsoNormal\">Villegas Soto inform\u00f3 que como una de las disposiciones de la Ley de Disciplina Financiera de las Entidades Federativas y los Municipios, la dependencia federal realizar\u00e1 el mismo ejercicio para el caso de los ayuntamientos del pa\u00eds, mismo que ser\u00e1 publicado en el mes de octubre.<\/p>\n","protected":false},"excerpt":{"rendered":"<p>El diputado del PAN explic\u00f3 que se restringir\u00e1 el uso de los ingresos excedentes y que el Estado no podr\u00e1 endeudarse por m\u00e1s de mil 260 millones de pesos Morelia; Michoac\u00e1n, 07 de julio de 2017.-\u00a0\u00a0Michoac\u00e1n tendr\u00e1 restricciones en el uso de sus ingresos excedentes y un techo de financiamiento neto que no podr\u00e1 rebasar [&hellip;]<\/p>\n","protected":false},"author":2,"featured_media":39508,"comment_status":"closed","ping_status":"closed","sticky":false,"template":"","format":"standard","meta":{"footnotes":""},"categories":[6,14,8],"tags":[],"class_list":["post-39507","post","type-post","status-publish","format-standard","has-post-thumbnail","hentry","category-congreso-del-estado","category-destacadas","category-grupo-parlamentario-del-pan"],"_links":{"self":[{"href":"https:\/\/radiowebmx.com\/nota\/wp-json\/wp\/v2\/posts\/39507","targetHints":{"allow":["GET"]}}],"collection":[{"href":"https:\/\/radiowebmx.com\/nota\/wp-json\/wp\/v2\/posts"}],"about":[{"href":"https:\/\/radiowebmx.com\/nota\/wp-json\/wp\/v2\/types\/post"}],"author":[{"embeddable":true,"href":"https:\/\/radiowebmx.com\/nota\/wp-json\/wp\/v2\/users\/2"}],"replies":[{"embeddable":true,"href":"https:\/\/radiowebmx.com\/nota\/wp-json\/wp\/v2\/comments?post=39507"}],"version-history":[{"count":1,"href":"https:\/\/radiowebmx.com\/nota\/wp-json\/wp\/v2\/posts\/39507\/revisions"}],"predecessor-version":[{"id":39509,"href":"https:\/\/radiowebmx.com\/nota\/wp-json\/wp\/v2\/posts\/39507\/revisions\/39509"}],"wp:featuredmedia":[{"embeddable":true,"href":"https:\/\/radiowebmx.com\/nota\/wp-json\/wp\/v2\/media\/39508"}],"wp:attachment":[{"href":"https:\/\/radiowebmx.com\/nota\/wp-json\/wp\/v2\/media?parent=39507"}],"wp:term":[{"taxonomy":"category","embeddable":true,"href":"https:\/\/radiowebmx.com\/nota\/wp-json\/wp\/v2\/categories?post=39507"},{"taxonomy":"post_tag","embeddable":true,"href":"https:\/\/radiowebmx.com\/nota\/wp-json\/wp\/v2\/tags?post=39507"}],"curies":[{"name":"wp","href":"https:\/\/api.w.org\/{rel}","templated":true}]}}