{"id":39496,"date":"2017-07-07T15:06:34","date_gmt":"2017-07-07T20:06:34","guid":{"rendered":"https:\/\/radiowebmx.com\/nota\/?p=39496"},"modified":"2017-07-07T15:10:58","modified_gmt":"2017-07-07T20:10:58","slug":"clave-la-vinculacion-entre-gobierno-y-sector-productivo","status":"publish","type":"post","link":"https:\/\/radiowebmx.com\/nota\/clave-la-vinculacion-entre-gobierno-y-sector-productivo\/","title":{"rendered":"Clave, la vinculaci\u00f3n entre gobierno y sector productivo"},"content":{"rendered":"<p><strong>Morelia, Michoac\u00e1n, a 7 de julio de 2017.-<\/strong>\u00a0En el marco del ciclo de conferencias que organiza el Instituto de Capacitaci\u00f3n para el Trabajo del Estado de Michoac\u00e1n (Icatmi), su director general, Israel Tentory Garc\u00eda, hizo \u00e9nfasis en la importancia de la vinculaci\u00f3n entre gobierno y sector productivo en aras de detonar el desarrollo econ\u00f3mico de la entidad.<br \/>\n<a href=\"https:\/\/radiowebmx.com\/nota\/wp-content\/uploads\/2017\/07\/8c1b1974-0aa1-4611-b1a6-5ec2781753f4.jpg\"><img loading=\"lazy\" decoding=\"async\" class=\"alignnone size-medium wp-image-39498\" src=\"https:\/\/radiowebmx.com\/nota\/wp-content\/uploads\/2017\/07\/8c1b1974-0aa1-4611-b1a6-5ec2781753f4-595x446.jpg\" alt=\"\" width=\"595\" height=\"446\" srcset=\"https:\/\/radiowebmx.com\/nota\/wp-content\/uploads\/2017\/07\/8c1b1974-0aa1-4611-b1a6-5ec2781753f4-595x446.jpg 595w, https:\/\/radiowebmx.com\/nota\/wp-content\/uploads\/2017\/07\/8c1b1974-0aa1-4611-b1a6-5ec2781753f4.jpg 709w\" sizes=\"auto, (max-width: 595px) 100vw, 595px\" \/><\/a><br \/>\nIndic\u00f3 que el trabajo conjunto entre gobierno e iniciativa privada redundar\u00e1 en mayor inversi\u00f3n, m\u00e1s oportunidades de empleo bien remunerado, estabilidad social y, por ende, una mejor calidad de vida para las familias.<\/p>\n<p>En este sentido, refrend\u00f3 su compromiso de impulsar una reingenier\u00eda en el Icatmi para ofrecer m\u00e1s y mejores servicios de capacitaci\u00f3n con base en una planeaci\u00f3n estrat\u00e9gica, que incluye un programa de Desarrollo Institucional con diversas metas, siendo una de ellas impulsar el capital humano.<\/p>\n<p>A su vez, la secretaria de Contralor\u00eda, Silvia Estrada Esquivel, se\u00f1al\u00f3 que la administraci\u00f3n que encabeza el Gobernador Silvano Aureoles Conejo, tiene el compromiso de impulsar acciones para que las y los michoacanos accedan a mejores oportunidades de empleo y autoempleo.<\/p>\n<p>Como parte de este ciclo, el especialista Javier Camarena Luviano dict\u00f3 la conferencia\u00a0\u201cM\u00e9xico en desaf\u00edo. El arte de la motivaci\u00f3n y liderazgo a tu servicio\u201d, en la que expuso\u00a0que se requiere un cambio de actitudes para recobrar el amor por la vida y el verdadero sentido de la existencia, as\u00ed como actualizar conocimientos y habilidades.<\/p>\n","protected":false},"excerpt":{"rendered":"<p>Morelia, Michoac\u00e1n, a 7 de julio de 2017.-\u00a0En el marco del ciclo de conferencias que organiza el Instituto de Capacitaci\u00f3n para el Trabajo del Estado de Michoac\u00e1n (Icatmi), su director general, Israel Tentory Garc\u00eda, hizo \u00e9nfasis en la importancia de la vinculaci\u00f3n entre gobierno y sector productivo en aras de detonar el desarrollo econ\u00f3mico de [&hellip;]<\/p>\n","protected":false},"author":2,"featured_media":39497,"comment_status":"closed","ping_status":"closed","sticky":false,"template":"","format":"standard","meta":{"footnotes":""},"categories":[14,3,60],"tags":[],"class_list":["post-39496","post","type-post","status-publish","format-standard","has-post-thumbnail","hentry","category-destacadas","category-gobierno-del-estado-de-michoacan","category-michoacan"],"_links":{"self":[{"href":"https:\/\/radiowebmx.com\/nota\/wp-json\/wp\/v2\/posts\/39496","targetHints":{"allow":["GET"]}}],"collection":[{"href":"https:\/\/radiowebmx.com\/nota\/wp-json\/wp\/v2\/posts"}],"about":[{"href":"https:\/\/radiowebmx.com\/nota\/wp-json\/wp\/v2\/types\/post"}],"author":[{"embeddable":true,"href":"https:\/\/radiowebmx.com\/nota\/wp-json\/wp\/v2\/users\/2"}],"replies":[{"embeddable":true,"href":"https:\/\/radiowebmx.com\/nota\/wp-json\/wp\/v2\/comments?post=39496"}],"version-history":[{"count":1,"href":"https:\/\/radiowebmx.com\/nota\/wp-json\/wp\/v2\/posts\/39496\/revisions"}],"predecessor-version":[{"id":39499,"href":"https:\/\/radiowebmx.com\/nota\/wp-json\/wp\/v2\/posts\/39496\/revisions\/39499"}],"wp:featuredmedia":[{"embeddable":true,"href":"https:\/\/radiowebmx.com\/nota\/wp-json\/wp\/v2\/media\/39497"}],"wp:attachment":[{"href":"https:\/\/radiowebmx.com\/nota\/wp-json\/wp\/v2\/media?parent=39496"}],"wp:term":[{"taxonomy":"category","embeddable":true,"href":"https:\/\/radiowebmx.com\/nota\/wp-json\/wp\/v2\/categories?post=39496"},{"taxonomy":"post_tag","embeddable":true,"href":"https:\/\/radiowebmx.com\/nota\/wp-json\/wp\/v2\/tags?post=39496"}],"curies":[{"name":"wp","href":"https:\/\/api.w.org\/{rel}","templated":true}]}}