{"id":39492,"date":"2017-07-07T14:05:43","date_gmt":"2017-07-07T19:05:43","guid":{"rendered":"https:\/\/radiowebmx.com\/nota\/?p=39492"},"modified":"2017-07-07T15:08:24","modified_gmt":"2017-07-07T20:08:24","slug":"gobierno-municipal-en-firme-compromiso-con-el-medio-ambiente-alfonso-martinez","status":"publish","type":"post","link":"https:\/\/radiowebmx.com\/nota\/gobierno-municipal-en-firme-compromiso-con-el-medio-ambiente-alfonso-martinez\/","title":{"rendered":"Gobierno Municipal en firme compromiso con el medio ambiente: Alfonso Mart\u00ednez"},"content":{"rendered":"<ul>\n<li>El Presidente Municipal de Morelia, Alfonso Mart\u00ednez Alc\u00e1zar, encabez\u00f3 este viernes una nueva jornada de reforestaci\u00f3n, en esta ocasi\u00f3n en el Bosque Morelos.<\/li>\n<\/ul>\n<p>&nbsp;<\/p>\n<ul>\n<li>Mil 500 \u00e1rboles fueron plantados en esta \u00e1rea verde por funcionarios morelianos.<\/li>\n<\/ul>\n<p>&nbsp;<\/p>\n<div>Morelia, Mich., a 07 de Julio de 2017<br \/>\nBOLET\u00cdN 1109\/2017<\/div>\n<p>&nbsp;<\/p>\n<div>La temporada de lluvias es un momento propicio para reforzar los trabajos de plantaci\u00f3n de \u00e1rboles en las \u00e1reas verdes de la capital michoacana, as\u00ed lo afirm\u00f3 el Presidente Municipal de Morelia, Alfonso Mart\u00ednez Alc\u00e1zar, la ma\u00f1ana de este viernes durante el arranque de reforestaci\u00f3n de mil 500 \u00e1rboles en el Bosque Morelos, ubicado a un costado del Deportivo Bicentenario.<br \/>\n<a href=\"https:\/\/radiowebmx.com\/nota\/wp-content\/uploads\/2017\/07\/21314d78-e1e5-4293-9ed6-5e5fb5e3121c.jpg\"><img loading=\"lazy\" decoding=\"async\" class=\"alignnone size-medium wp-image-39494\" src=\"https:\/\/radiowebmx.com\/nota\/wp-content\/uploads\/2017\/07\/21314d78-e1e5-4293-9ed6-5e5fb5e3121c-595x396.jpg\" alt=\"\" width=\"595\" height=\"396\" srcset=\"https:\/\/radiowebmx.com\/nota\/wp-content\/uploads\/2017\/07\/21314d78-e1e5-4293-9ed6-5e5fb5e3121c-595x396.jpg 595w, https:\/\/radiowebmx.com\/nota\/wp-content\/uploads\/2017\/07\/21314d78-e1e5-4293-9ed6-5e5fb5e3121c-272x182.jpg 272w, https:\/\/radiowebmx.com\/nota\/wp-content\/uploads\/2017\/07\/21314d78-e1e5-4293-9ed6-5e5fb5e3121c.jpg 709w\" sizes=\"auto, (max-width: 595px) 100vw, 595px\" \/><\/a><br \/>\nCon la presencia de integrantes del Gabinete Municipal y Regidores, el Edil Capitalino se\u00f1al\u00f3 que era importante aprovechar la temporada de lluvias para la plantaci\u00f3n de \u00e1rboles de gran tama\u00f1o, los cuales pueden sobrevivir a las lluvias y enraizar de manera m\u00e1s r\u00e1pida durante esta \u00e9poca del a\u00f1o.<\/p>\n<p>\u201cQueremos que de los \u00e1rboles que se siembren, un gran porcentaje sobrevivan, estamos promoviendo la plantaci\u00f3n de \u00e1rboles en la zona urbana pero tambi\u00e9n en la rural, con el objetivo de alcanzar los 230 mil este a\u00f1o\u201d, destac\u00f3 Mart\u00ednez Alc\u00e1zar.<\/p>\n<p>Asimismo, se\u00f1al\u00f3 la importancia de involucrar en esta noble actividad a todos los funcionarios municipales de todos los niveles, invitando incluso a sus hijos, con el fin de concientizar a las nuevas generaciones acerca de la importancia del cuidado ambiental, al tiempo que reconoci\u00f3 la enorme labor de la Direcci\u00f3n de Medio Ambiente y Sustentabilidad y de la Coordinaci\u00f3n de Protecci\u00f3n Civil y Bomberos de Morelia, al momento de combatir los fuegos provocados por el calor en las \u00e1reas verdes de la ciudad.<\/p>\n<p>Pinos Cipreses, Fresnos y m\u00e1s especies fueron incluidas entre los mil 500 \u00e1rboles reforestados en el Bosque Morelos, zonas que unen a las instalaciones del Estadio Morelos, la Universidad Tecnol\u00f3gica de Morelia, la Colonia Pe\u00f1a Blanca y Balcones de Morelia, as\u00ed como \u00e1reas verdes que han sido objeto de limpiezas y exitosas jornadas de reforestaci\u00f3n en diversos puntos de la ciudad.<\/p>\n<p>Asimismo, destac\u00f3 que esta Administraci\u00f3n Municipal continuar\u00e1 trabajando de manera ardua para lograr la meta de 230 mil \u00e1rboles reforestados al final del 2017, involucrando de manera unitaria a los integrantes de la Administraci\u00f3n, y buscando gestar el proyecto de consolidar una Morelia Verde.<\/p><\/div>\n","protected":false},"excerpt":{"rendered":"<p>El Presidente Municipal de Morelia, Alfonso Mart\u00ednez Alc\u00e1zar, encabez\u00f3 este viernes una nueva jornada de reforestaci\u00f3n, en esta ocasi\u00f3n en el Bosque Morelos. &nbsp; Mil 500 \u00e1rboles fueron plantados en esta \u00e1rea verde por funcionarios morelianos. &nbsp; Morelia, Mich., a 07 de Julio de 2017 BOLET\u00cdN 1109\/2017 &nbsp; La temporada de lluvias es un momento [&hellip;]<\/p>\n","protected":false},"author":2,"featured_media":39493,"comment_status":"closed","ping_status":"closed","sticky":false,"template":"","format":"standard","meta":{"footnotes":""},"categories":[14,60,9],"tags":[],"class_list":["post-39492","post","type-post","status-publish","format-standard","has-post-thumbnail","hentry","category-destacadas","category-michoacan","category-morelia"],"_links":{"self":[{"href":"https:\/\/radiowebmx.com\/nota\/wp-json\/wp\/v2\/posts\/39492","targetHints":{"allow":["GET"]}}],"collection":[{"href":"https:\/\/radiowebmx.com\/nota\/wp-json\/wp\/v2\/posts"}],"about":[{"href":"https:\/\/radiowebmx.com\/nota\/wp-json\/wp\/v2\/types\/post"}],"author":[{"embeddable":true,"href":"https:\/\/radiowebmx.com\/nota\/wp-json\/wp\/v2\/users\/2"}],"replies":[{"embeddable":true,"href":"https:\/\/radiowebmx.com\/nota\/wp-json\/wp\/v2\/comments?post=39492"}],"version-history":[{"count":1,"href":"https:\/\/radiowebmx.com\/nota\/wp-json\/wp\/v2\/posts\/39492\/revisions"}],"predecessor-version":[{"id":39495,"href":"https:\/\/radiowebmx.com\/nota\/wp-json\/wp\/v2\/posts\/39492\/revisions\/39495"}],"wp:featuredmedia":[{"embeddable":true,"href":"https:\/\/radiowebmx.com\/nota\/wp-json\/wp\/v2\/media\/39493"}],"wp:attachment":[{"href":"https:\/\/radiowebmx.com\/nota\/wp-json\/wp\/v2\/media?parent=39492"}],"wp:term":[{"taxonomy":"category","embeddable":true,"href":"https:\/\/radiowebmx.com\/nota\/wp-json\/wp\/v2\/categories?post=39492"},{"taxonomy":"post_tag","embeddable":true,"href":"https:\/\/radiowebmx.com\/nota\/wp-json\/wp\/v2\/tags?post=39492"}],"curies":[{"name":"wp","href":"https:\/\/api.w.org\/{rel}","templated":true}]}}