{"id":39473,"date":"2017-07-06T18:11:23","date_gmt":"2017-07-06T23:11:23","guid":{"rendered":"https:\/\/radiowebmx.com\/nota\/?p=39473"},"modified":"2017-07-07T12:18:43","modified_gmt":"2017-07-07T17:18:43","slug":"deberan-entes-publicos-resarcir-danos-patrimoniales-diputados","status":"publish","type":"post","link":"https:\/\/radiowebmx.com\/nota\/deberan-entes-publicos-resarcir-danos-patrimoniales-diputados\/","title":{"rendered":"Deber\u00e1n entes p\u00fablicos resarcir da\u00f1os patrimoniales: diputados"},"content":{"rendered":"<ul type=\"disc\">\n<li class=\"x_MsoNormal\"><i>Aprueba Comisi\u00f3n de Justica Ley de Responsabilidad Patrimonial, propuesta por Carlos Quintana<\/i><\/li>\n<\/ul>\n<p class=\"x_MsoNormal\"><b>Morelia; Michoac\u00e1n, 06 de julio de 2017.-<\/b>\u00a0\u00a0La Comisi\u00f3n de Justica en reuni\u00f3n de trabajo aprob\u00f3 el dictamen mediante el cual se expide la Ley de Responsabilidad Patrimonial del Estado de Michoac\u00e1n y sus Municipios, normativa propuesta por el diputado Carlos Quintana, mediante la cual los michoacanos contar\u00e1n con un mecanismo simple que les permita ser resarcidos en su perdidas y da\u00f1os que el Estado haya realizado por negligencia u omisi\u00f3n de un actuar obligado.<\/p>\n<p><a href=\"https:\/\/radiowebmx.com\/nota\/wp-content\/uploads\/2017\/07\/Comunicado-947-2.jpg\"><img loading=\"lazy\" decoding=\"async\" class=\"alignnone size-medium wp-image-39475\" src=\"https:\/\/radiowebmx.com\/nota\/wp-content\/uploads\/2017\/07\/Comunicado-947-2-595x470.jpg\" alt=\"\" width=\"595\" height=\"470\" srcset=\"https:\/\/radiowebmx.com\/nota\/wp-content\/uploads\/2017\/07\/Comunicado-947-2-595x470.jpg 595w, https:\/\/radiowebmx.com\/nota\/wp-content\/uploads\/2017\/07\/Comunicado-947-2.jpg 709w\" sizes=\"auto, (max-width: 595px) 100vw, 595px\" \/><\/a><\/p>\n<p class=\"x_MsoNormal\">En reuni\u00f3n de trabajo los diputados \u00c1ngel Cedillo, presidente de la Comisi\u00f3n de Justicia, Carlos Quintana, Nalleli Pedraza y Ernesto N\u00fa\u00f1ez integrantes de la misma, aprobaron el dictamen que ser\u00e1 puesto a consideraci\u00f3n del Pleno en la pr\u00f3xima sesi\u00f3n, el cual establece los procedimientos que deber\u00e1 sustanciar la propia autoridad responsable para resarcir los da\u00f1os y perjuicios casados.<\/p>\n<p class=\"x_MsoNormal\">Asimismo, la ley plantea que el derecho a reclamar la indemnizaci\u00f3n prescribe en un a\u00f1o, que se computara\u0301 a partir del d\u00eda siguiente a aquel en que se hubiera producido la lesi\u00f3n patrimonial, o a partir del momento en que hubiesen cesado sus efectos lesivos, si fuesen de car\u00e1cter continuo. Cuando existan da\u00f1os de car\u00e1cter f\u00edsico o ps\u00edquico a las personas, el plazo de prescripci\u00f3n ser\u00e1\u0301 de dos a\u00f1os.<\/p>\n<p class=\"x_MsoNormal\">Cabe destacar que esta responsabilidad deber\u00e1 determinarse mediante el Procedimiento de Reclamaci\u00f3n de Responsabilidad Patrimonial de los Entes P\u00fablicos que se iniciara\u0301 a petici\u00f3n de la parte interesada, instaurada ante el Ente P\u00fablico presuntamente responsable, y cuyo \u00f3rgano competente para conocer y resolver ser\u00e1 su propia contralor\u00eda interna, conforme a las formalidades de un procedimiento administrativo creado tambi\u00e9n por esta Ley.<\/p>\n<p class=\"x_MsoNormal\">Finalmente el dictamen aprobado se\u00f1ala que con dicha Ley el Estado cumplir\u00e1 y se tendr\u00e1 que hacer responsable de sus actuaciones administrativas, cumpliendo el principio de \u201cno da\u00f1ar a nadie\u201d y \u201cdar a cada quien lo suyo\u201d, y consolida las bases y los incentivos para que los entes p\u00fablicos cumplan de una mejor manera con sus atribuciones y presten con mayor eficiencia los servicios p\u00fablicos.<\/p>\n<p class=\"x_MsoNormal\">\n","protected":false},"excerpt":{"rendered":"<p>Aprueba Comisi\u00f3n de Justica Ley de Responsabilidad Patrimonial, propuesta por Carlos Quintana Morelia; Michoac\u00e1n, 06 de julio de 2017.-\u00a0\u00a0La Comisi\u00f3n de Justica en reuni\u00f3n de trabajo aprob\u00f3 el dictamen mediante el cual se expide la Ley de Responsabilidad Patrimonial del Estado de Michoac\u00e1n y sus Municipios, normativa propuesta por el diputado Carlos Quintana, mediante la [&hellip;]<\/p>\n","protected":false},"author":2,"featured_media":39474,"comment_status":"closed","ping_status":"closed","sticky":false,"template":"","format":"standard","meta":{"footnotes":""},"categories":[6,14],"tags":[],"class_list":["post-39473","post","type-post","status-publish","format-standard","has-post-thumbnail","hentry","category-congreso-del-estado","category-destacadas"],"_links":{"self":[{"href":"https:\/\/radiowebmx.com\/nota\/wp-json\/wp\/v2\/posts\/39473","targetHints":{"allow":["GET"]}}],"collection":[{"href":"https:\/\/radiowebmx.com\/nota\/wp-json\/wp\/v2\/posts"}],"about":[{"href":"https:\/\/radiowebmx.com\/nota\/wp-json\/wp\/v2\/types\/post"}],"author":[{"embeddable":true,"href":"https:\/\/radiowebmx.com\/nota\/wp-json\/wp\/v2\/users\/2"}],"replies":[{"embeddable":true,"href":"https:\/\/radiowebmx.com\/nota\/wp-json\/wp\/v2\/comments?post=39473"}],"version-history":[{"count":1,"href":"https:\/\/radiowebmx.com\/nota\/wp-json\/wp\/v2\/posts\/39473\/revisions"}],"predecessor-version":[{"id":39476,"href":"https:\/\/radiowebmx.com\/nota\/wp-json\/wp\/v2\/posts\/39473\/revisions\/39476"}],"wp:featuredmedia":[{"embeddable":true,"href":"https:\/\/radiowebmx.com\/nota\/wp-json\/wp\/v2\/media\/39474"}],"wp:attachment":[{"href":"https:\/\/radiowebmx.com\/nota\/wp-json\/wp\/v2\/media?parent=39473"}],"wp:term":[{"taxonomy":"category","embeddable":true,"href":"https:\/\/radiowebmx.com\/nota\/wp-json\/wp\/v2\/categories?post=39473"},{"taxonomy":"post_tag","embeddable":true,"href":"https:\/\/radiowebmx.com\/nota\/wp-json\/wp\/v2\/tags?post=39473"}],"curies":[{"name":"wp","href":"https:\/\/api.w.org\/{rel}","templated":true}]}}