{"id":39456,"date":"2017-07-06T16:36:31","date_gmt":"2017-07-06T21:36:31","guid":{"rendered":"https:\/\/radiowebmx.com\/nota\/?p=39456"},"modified":"2017-07-07T11:24:35","modified_gmt":"2017-07-07T16:24:35","slug":"supervisa-gobernador-obras-en-ceconexpo-y-cuartel-de-los-goes","status":"publish","type":"post","link":"https:\/\/radiowebmx.com\/nota\/supervisa-gobernador-obras-en-ceconexpo-y-cuartel-de-los-goes\/","title":{"rendered":"Supervisa Gobernador obras en Ceconexpo y cuartel de los GOEs"},"content":{"rendered":"<ul>\n<li>Ampliar la capacidad tur\u00edstica de la capital michoacana y dignificar la labor de los elementos de la SSP, el objetivo de estas acciones.<\/li>\n<\/ul>\n<p><strong>Morelia, Michoac\u00e1n, a 6 de julio de 2017.-<\/strong>\u00a0El Gobernador Constitucional Silvano Aureoles Conejo, realiz\u00f3 este jueves un recorrido por la obra de modernizaci\u00f3n y ampliaci\u00f3n del Centro de Convenciones y Exposiciones de Morelia (Ceconexpo), misma que registra un avance del 80 por ciento en su primera etapa, que se prev\u00e9 sea concluida en el pr\u00f3ximo septiembre.<br \/>\n<a href=\"https:\/\/radiowebmx.com\/nota\/wp-content\/uploads\/2017\/07\/9ecd3065-2bfa-45c4-a759-92e0ade25207.jpeg\"><img loading=\"lazy\" decoding=\"async\" class=\"alignnone size-medium wp-image-39458\" src=\"https:\/\/radiowebmx.com\/nota\/wp-content\/uploads\/2017\/07\/9ecd3065-2bfa-45c4-a759-92e0ade25207-595x556.jpeg\" alt=\"\" width=\"595\" height=\"556\" srcset=\"https:\/\/radiowebmx.com\/nota\/wp-content\/uploads\/2017\/07\/9ecd3065-2bfa-45c4-a759-92e0ade25207-595x556.jpeg 595w, https:\/\/radiowebmx.com\/nota\/wp-content\/uploads\/2017\/07\/9ecd3065-2bfa-45c4-a759-92e0ade25207.jpeg 709w\" sizes=\"auto, (max-width: 595px) 100vw, 595px\" \/><\/a><br \/>\nEsta fase, en la que se invierten 100 millones de pesos, forma parte del proyecto integral que permitir\u00e1 ampliar la capacidad de la capital michoacana de albergar eventos de car\u00e1cter nacional e internacional, y con ello, aumentar las oportunidades de desarrollo tur\u00edstico y econ\u00f3mico de la entidad.<\/p>\n<p>El mandatario estatal, quien se hizo acompa\u00f1ar del secretario de Comunicaciones y Obras P\u00fablicas, Jos\u00e9 Juan Dom\u00ednguez L\u00f3pez; del secretario de Finanzas y Administraci\u00f3n, Carlos Maldonado Mendoza, as\u00ed como de quienes laboran en la empresa a cargo de la obra, manifest\u00f3 que quienes busquen un destino ideal para realizar conferencias, seminarios, convenciones y cualquier evento social o de negocios, podr\u00e1n encontrar en el nuevo Ceconexpo dicha oportunidad, ya que esta modernizaci\u00f3n significa ampliar hasta cuatro veces la capacidad del actual recinto.<\/p>\n<p>\u201cCon esta obra, Morelia se consolida como el destino tur\u00edstico ideal para venir a trabajar, a descansar y conocer la historia, cultura, tradiciones de este hermoso estado Michoac\u00e1n y su capital\u201d, extern\u00f3 Aureoles Conejo.<\/p>\n<p>Cabe mencionar que en la primera etapa de remodelaci\u00f3n del Ceconexpo, que contempla el \u00e1rea del antiguo Expocentro, se invierten 100 millones de pesos para la construcci\u00f3n del Centro de Negocios y \u00e1rea de exposiciones, mientras que est\u00e1 en proceso de licitaci\u00f3n una segunda fase por el orden de los 230 millones de pesos, que incluir\u00e1 un gran sal\u00f3n sin muros en una segunda planta, entre otros servicios. Con estas dos etapas, esta \u00e1rea del Ceconexpo podr\u00e1 entrar en operaciones en septiembre de este a\u00f1o.<\/p>\n<p>Adem\u00e1s, se aplican a la obra paneles fotovoltaicos que permitir\u00e1n ahorrar hasta el 70 por ciento del costo por consumo de energ\u00eda el\u00e9ctrica y se prev\u00e9 construir una planta de tratamiento de agua con certificaci\u00f3n para su uso en muebles de ba\u00f1o y sistema de riego.<\/p>\n<p>En las etapas posteriores, se dotar\u00e1 a este complejo de mayores \u00e1reas de estacionamientos en dise\u00f1os verticales, recuperando \u00e1reas verdes que actualmente son utilizadas para estacionar veh\u00edculos.<\/p>\n<p>El proyecto integral para el Ceconexpo permitir\u00e1 ampliar la capacidad operativa de 9 mil 200 a 15 mil 481 metros cuadrados de \u00e1rea de exposiciones; actualmente tiene una capacidad de albergar a 2 mil 779 personas y pasar\u00e1 a 8 mil 351 personas; de contar con 220 ahora tendr\u00e1 499 estands y de tener 320 cajones de estacionamiento recibir\u00e1 hasta 966 unidades.<\/p>\n<p><strong>Dignifican Cuartel de los GOEs\u00a0<\/strong><\/p>\n<p>Tambi\u00e9n este jueves, el mandatario estatal acudi\u00f3 a las instalaciones del cuartel del Grupo de Operaciones Especiales (GOE), perteneciente a la Secretar\u00eda de Seguridad P\u00fablica (SSP), donde despu\u00e9s de a\u00f1os en que los elementos se refugiaron a la intemperie y en condiciones deplorables, se dignifican los espacios con la construcci\u00f3n de dormitorios varonil y femenil, sanitarios y regaderas, comedor, \u00e1rea recreativa, almac\u00e9n y gimnasio, con una inversi\u00f3n de 17.8 millones de pesos, obra que estar\u00e1 lista en aproximadamente dos semanas.<\/p>\n<p>El Gobernador Silvano Aureoles lament\u00f3 que por a\u00f1os, las y los agentes que conforman este Grupo tuvieran que montar guardia en instalaciones poco propicias, ya que no hab\u00eda dormitorios, todos com\u00edan en un comedor adaptado en un rinc\u00f3n y no contaban con servicios sanitarios id\u00f3neos.<\/p>\n<p>Por ello, instruy\u00f3 el construir un espacio adecuado y digno para quienes realizan la importante labor adscrita a la SSP, en el entendido de que trabajando en mejores condiciones, pueden rendir mejor y se sienten m\u00e1s motivados.<\/p>\n<p>Al respecto, el titular de la SSP, Juan Bernardo Corona Mart\u00ednez, explic\u00f3 que esta obra inici\u00f3 el 22 de diciembre de 2016 y est\u00e1 pr\u00f3xima a concluirse en al menos 15 d\u00edas. Tiene una capacidad para albergar a 130 elementos y se edifica en una superficie de mil 233 metros cuadrados en un \u00e1rea adjunta a las instalaciones de la Procuradur\u00eda General de Justicia del Estado y la propia Secretar\u00eda de Seguridad P\u00fablica.<\/p>\n<p>A estos recorridos tambi\u00e9n acompa\u00f1aron al Gobernador, el secretario de Finanzas y Administraci\u00f3n, Carlos Maldonado Mendoza, adem\u00e1s de trabajadores de la SCOP y de las empresas a cargo de las obras.<\/p>\n","protected":false},"excerpt":{"rendered":"<p>Ampliar la capacidad tur\u00edstica de la capital michoacana y dignificar la labor de los elementos de la SSP, el objetivo de estas acciones. Morelia, Michoac\u00e1n, a 6 de julio de 2017.-\u00a0El Gobernador Constitucional Silvano Aureoles Conejo, realiz\u00f3 este jueves un recorrido por la obra de modernizaci\u00f3n y ampliaci\u00f3n del Centro de Convenciones y Exposiciones de [&hellip;]<\/p>\n","protected":false},"author":2,"featured_media":39457,"comment_status":"closed","ping_status":"closed","sticky":false,"template":"","format":"standard","meta":{"footnotes":""},"categories":[14,3,60],"tags":[],"class_list":["post-39456","post","type-post","status-publish","format-standard","has-post-thumbnail","hentry","category-destacadas","category-gobierno-del-estado-de-michoacan","category-michoacan"],"_links":{"self":[{"href":"https:\/\/radiowebmx.com\/nota\/wp-json\/wp\/v2\/posts\/39456","targetHints":{"allow":["GET"]}}],"collection":[{"href":"https:\/\/radiowebmx.com\/nota\/wp-json\/wp\/v2\/posts"}],"about":[{"href":"https:\/\/radiowebmx.com\/nota\/wp-json\/wp\/v2\/types\/post"}],"author":[{"embeddable":true,"href":"https:\/\/radiowebmx.com\/nota\/wp-json\/wp\/v2\/users\/2"}],"replies":[{"embeddable":true,"href":"https:\/\/radiowebmx.com\/nota\/wp-json\/wp\/v2\/comments?post=39456"}],"version-history":[{"count":1,"href":"https:\/\/radiowebmx.com\/nota\/wp-json\/wp\/v2\/posts\/39456\/revisions"}],"predecessor-version":[{"id":39459,"href":"https:\/\/radiowebmx.com\/nota\/wp-json\/wp\/v2\/posts\/39456\/revisions\/39459"}],"wp:featuredmedia":[{"embeddable":true,"href":"https:\/\/radiowebmx.com\/nota\/wp-json\/wp\/v2\/media\/39457"}],"wp:attachment":[{"href":"https:\/\/radiowebmx.com\/nota\/wp-json\/wp\/v2\/media?parent=39456"}],"wp:term":[{"taxonomy":"category","embeddable":true,"href":"https:\/\/radiowebmx.com\/nota\/wp-json\/wp\/v2\/categories?post=39456"},{"taxonomy":"post_tag","embeddable":true,"href":"https:\/\/radiowebmx.com\/nota\/wp-json\/wp\/v2\/tags?post=39456"}],"curies":[{"name":"wp","href":"https:\/\/api.w.org\/{rel}","templated":true}]}}