{"id":39447,"date":"2017-07-06T01:02:41","date_gmt":"2017-07-06T06:02:41","guid":{"rendered":"https:\/\/radiowebmx.com\/nota\/?p=39447"},"modified":"2017-07-07T11:16:27","modified_gmt":"2017-07-07T16:16:27","slug":"signa-adrian-lopez-cct-del-suttebam","status":"publish","type":"post","link":"https:\/\/radiowebmx.com\/nota\/signa-adrian-lopez-cct-del-suttebam\/","title":{"rendered":"Signa Adri\u00e1n L\u00f3pez CCT del Suttebam"},"content":{"rendered":"<p><strong>Morelia, Michoac\u00e1n, a 6 de julio del 2017.-<\/strong>\u00a0Por primera ocasi\u00f3n, el Gobierno del Estado sign\u00f3 el Contrato Colectivo de Trabajo con el Sindicato \u00danico de Trabajadores del Telebachillerato de Michoac\u00e1n (Suttebam), mismo en el que se refrenda el compromiso de coadyuvar para mejorar de manera integral al subsistema.<\/p>\n<p><a href=\"https:\/\/radiowebmx.com\/nota\/wp-content\/uploads\/2017\/07\/35c99e1e-304f-4348-a1f0-2489a9f0ac9f.jpeg\"><img loading=\"lazy\" decoding=\"async\" class=\"alignnone size-medium wp-image-39449\" src=\"https:\/\/radiowebmx.com\/nota\/wp-content\/uploads\/2017\/07\/35c99e1e-304f-4348-a1f0-2489a9f0ac9f-595x396.jpeg\" alt=\"\" width=\"595\" height=\"396\" srcset=\"https:\/\/radiowebmx.com\/nota\/wp-content\/uploads\/2017\/07\/35c99e1e-304f-4348-a1f0-2489a9f0ac9f-595x396.jpeg 595w, https:\/\/radiowebmx.com\/nota\/wp-content\/uploads\/2017\/07\/35c99e1e-304f-4348-a1f0-2489a9f0ac9f-272x182.jpeg 272w, https:\/\/radiowebmx.com\/nota\/wp-content\/uploads\/2017\/07\/35c99e1e-304f-4348-a1f0-2489a9f0ac9f.jpeg 709w\" sizes=\"auto, (max-width: 595px) 100vw, 595px\" \/><\/a><\/p>\n<p>El secretario de Gobierno, Adri\u00e1n L\u00f3pez Sol\u00eds, fue el encargado de signar el documento, mismo que fue ratificado por el propio secretario general del gremio, Silviano Paredes Correa, y el director general del Telebachillerato, Juan Carlos Barrag\u00e1n V\u00e9lez.<\/p>\n<p>&nbsp;<\/p>\n<p>En el Sal\u00f3n Hidalgo de Casa de Gobierno, el encargado de la pol\u00edtica interna, manifest\u00f3 que con la firma del documento se da un ejemplo de trabajo institucional en beneficio no s\u00f3lo de brindar las garant\u00edas laborales a los sindicalizados, sino tambi\u00e9n mejorar la calidad educativa de la instituci\u00f3n.<\/p>\n<p>&nbsp;<\/p>\n<p>&#8220;Para asumir compromisos no pueden ser de manera unilateral, sino de cumplir todos con nuestra tarea, de poner lo que a cada quien nos corresponde para mantener una instituci\u00f3n que cumpla con su objetivo de llevar la educaci\u00f3n media superior hacia todo el estado&#8221;, expres\u00f3.<\/p>\n<p>&nbsp;<\/p>\n<p>Sostuvo que se tienen que respetar los \u00e1mbitos de responsabilidad y colocar cada quien su esfuerzo para la soluci\u00f3n de problemas; ante ello, reconoci\u00f3 la labor y buena voluntad del gremio de quien dijo ha tenido siempre la premisa del di\u00e1logo.<\/p>\n<p>&nbsp;<\/p>\n<p>L\u00f3pez Sol\u00eds expres\u00f3 que el punto fundamental es atender a un subsistema noble, mismo que se encarga de atender a comunidades alejadas, de todos los rincones del estado, en el que una buena parte de j\u00f3venes estaban rezagados y hoy pueden continuar sus estudios gracias a la instituci\u00f3n.<\/p>\n<p>&nbsp;<\/p>\n<p>&#8220;Hay comunidades y ejidos que donan los predios para la construcci\u00f3n de aulas, de oficinas administrativas para que puedan funcionar; hoy tenemos un avance del 45 por ciento en la infraestructura&#8221;, expres\u00f3.<\/p>\n<p>&nbsp;<\/p>\n<p>Destac\u00f3 la labor de los docentes que se han encontrado siempre al frente del aula para garantizar una educaci\u00f3n de calidad hacia los estudiantes, as\u00ed como el desplazamiento que realizan para acudir a los centros de trabajo a las distintas zonas de nuestro estado.<\/p>\n<p>&nbsp;<\/p>\n<p>Por \u00faltimo, se\u00f1al\u00f3 que este tipo de eventos tienen que resaltarse, ya que se ha trabajado para lograr acuerdos importantes, &#8220;estamos acostumbrados a que las cosas que suceden se digan y hoy esto que es tan importante hay que decirlo, de que hemos llegado a un acuerdo para que podamos trabajar por los j\u00f3venes de nuestro estado&#8221;, manifest\u00f3.<\/p>\n<p>&nbsp;<\/p>\n<p>Por su parte Silviano Paredes Correa, agradeci\u00f3 la disposici\u00f3n por parte del Gobernador Silvano Aureoles Conejo y al Secretario de Gobierno para atender las necesidades del gremio.<\/p>\n<p>&nbsp;<\/p>\n<p>Sostuvo que la relaci\u00f3n de respeto, di\u00e1logo y acuerdos rinde resultados en beneficio de los propios estudiantes; de igual manera reiter\u00f3 su compromiso de trabajar de la mano con las autoridades para avanzar en la resoluci\u00f3n de las distintas necesidades del subsistema.<\/p>\n<p>&nbsp;<\/p>\n<p>En su oportunidad, el director del Telebachillerato, Juan Carlos Barrag\u00e1n, manifest\u00f3 que con la firma del Contrato se logra uno de los objetivos encomendados por el mandatario Silvano Aureoles de trabajar de manera conjunta con los docentes en la mejora de las condiciones de la instituci\u00f3n, ya que con ello se contin\u00faa en la ruta del crecimiento de la misma.<\/p>\n<p>&nbsp;<\/p>\n<p>En su mensaje, Alberto Frutis Sol\u00eds, titular de la Secretar\u00eda de Educaci\u00f3n en el Estado (SEE), sostuvo que el acuerdo con el Sindicato es un claro ejemplo de c\u00f3mo se avanza en la resoluci\u00f3n de conflictos, mediante el di\u00e1logo, el cual se tiene que replicar para lograr, en todos los niveles, mejorar la calidad educativa de nuestra entidad.<\/p>\n<p>&nbsp;<\/p>\n","protected":false},"excerpt":{"rendered":"<p>Morelia, Michoac\u00e1n, a 6 de julio del 2017.-\u00a0Por primera ocasi\u00f3n, el Gobierno del Estado sign\u00f3 el Contrato Colectivo de Trabajo con el Sindicato \u00danico de Trabajadores del Telebachillerato de Michoac\u00e1n (Suttebam), mismo en el que se refrenda el compromiso de coadyuvar para mejorar de manera integral al subsistema. El secretario de Gobierno, Adri\u00e1n L\u00f3pez Sol\u00eds, [&hellip;]<\/p>\n","protected":false},"author":2,"featured_media":39448,"comment_status":"closed","ping_status":"closed","sticky":false,"template":"","format":"standard","meta":{"footnotes":""},"categories":[14,3,60],"tags":[],"class_list":["post-39447","post","type-post","status-publish","format-standard","has-post-thumbnail","hentry","category-destacadas","category-gobierno-del-estado-de-michoacan","category-michoacan"],"_links":{"self":[{"href":"https:\/\/radiowebmx.com\/nota\/wp-json\/wp\/v2\/posts\/39447","targetHints":{"allow":["GET"]}}],"collection":[{"href":"https:\/\/radiowebmx.com\/nota\/wp-json\/wp\/v2\/posts"}],"about":[{"href":"https:\/\/radiowebmx.com\/nota\/wp-json\/wp\/v2\/types\/post"}],"author":[{"embeddable":true,"href":"https:\/\/radiowebmx.com\/nota\/wp-json\/wp\/v2\/users\/2"}],"replies":[{"embeddable":true,"href":"https:\/\/radiowebmx.com\/nota\/wp-json\/wp\/v2\/comments?post=39447"}],"version-history":[{"count":2,"href":"https:\/\/radiowebmx.com\/nota\/wp-json\/wp\/v2\/posts\/39447\/revisions"}],"predecessor-version":[{"id":39451,"href":"https:\/\/radiowebmx.com\/nota\/wp-json\/wp\/v2\/posts\/39447\/revisions\/39451"}],"wp:featuredmedia":[{"embeddable":true,"href":"https:\/\/radiowebmx.com\/nota\/wp-json\/wp\/v2\/media\/39448"}],"wp:attachment":[{"href":"https:\/\/radiowebmx.com\/nota\/wp-json\/wp\/v2\/media?parent=39447"}],"wp:term":[{"taxonomy":"category","embeddable":true,"href":"https:\/\/radiowebmx.com\/nota\/wp-json\/wp\/v2\/categories?post=39447"},{"taxonomy":"post_tag","embeddable":true,"href":"https:\/\/radiowebmx.com\/nota\/wp-json\/wp\/v2\/tags?post=39447"}],"curies":[{"name":"wp","href":"https:\/\/api.w.org\/{rel}","templated":true}]}}