{"id":39443,"date":"2017-07-06T17:16:42","date_gmt":"2017-07-06T22:16:42","guid":{"rendered":"https:\/\/radiowebmx.com\/nota\/?p=39443"},"modified":"2017-07-07T11:11:23","modified_gmt":"2017-07-07T16:11:23","slug":"presenta-sfa-programa-ejemplaridad-ante-el-colegio-de-contadores-publicos","status":"publish","type":"post","link":"https:\/\/radiowebmx.com\/nota\/presenta-sfa-programa-ejemplaridad-ante-el-colegio-de-contadores-publicos\/","title":{"rendered":"Presenta SFA programa Ejemplaridad ante el Colegio de Contadores P\u00fablicos"},"content":{"rendered":"<p><strong>Morelia, Michoac\u00e1n, a 6 de julio de 2017.-<\/strong>\u00a0Con el objetivo de dar a conocer los pormenores del programa Ejemplaridad que implementan de manera conjunta los Gobiernos Federal y Estatal a trav\u00e9s del Servicio de Administraci\u00f3n Tributaria y la Secretar\u00eda de Finanzas y Administraci\u00f3n (SFA), respectivamente, el director de Auditor\u00eda y Revisi\u00f3n Fiscal de la dependencia estatal, El\u00ed Tello Esquivel, detall\u00f3 los pormenores de este esquema en el marco del Desayuno T\u00e9cnico 2017, del Colegio de Contadores P\u00fablicos de Michoac\u00e1n.<\/p>\n<p><a href=\"https:\/\/radiowebmx.com\/nota\/wp-content\/uploads\/2017\/07\/c2557367-56fb-4069-8a68-ff3d34f9f854.jpeg\"><img loading=\"lazy\" decoding=\"async\" class=\"alignnone size-medium wp-image-39445\" src=\"https:\/\/radiowebmx.com\/nota\/wp-content\/uploads\/2017\/07\/c2557367-56fb-4069-8a68-ff3d34f9f854-595x520.jpeg\" alt=\"\" width=\"595\" height=\"520\" srcset=\"https:\/\/radiowebmx.com\/nota\/wp-content\/uploads\/2017\/07\/c2557367-56fb-4069-8a68-ff3d34f9f854-595x520.jpeg 595w, https:\/\/radiowebmx.com\/nota\/wp-content\/uploads\/2017\/07\/c2557367-56fb-4069-8a68-ff3d34f9f854.jpeg 709w\" sizes=\"auto, (max-width: 595px) 100vw, 595px\" \/><\/a><\/p>\n<p>El inter\u00e9s de la SFA por dar a conocer los programas que implementa a todos los actores p\u00fablicos y privados involucrados en temas de fiscalizaci\u00f3n, deriva del resultado de los an\u00e1lisis hechos durante la actual administraci\u00f3n, que han arrojado que existe un gran n\u00famero de establecimientos comerciales que a\u00fan no se han alineado con lo dispuesto en la Ley del Impuesto Sobre la Renta y el C\u00f3digo Fiscal, que entre otros aspectos establecen que estos negocios deben expedir facturas o CFDIS a sus clientes, lo que da como resultado una comprobaci\u00f3n correcta y puntual de sus ingresos.<\/p>\n<p>&nbsp;<\/p>\n<p>En este sentido, Tello Esquivel les solicit\u00f3 a los miembros del Colegio de Contadores P\u00fablicos de Michoac\u00e1n actuar como incentivadores para el cumplimiento de los marcos legales correspondientes, y los primeros y principales entes en el cumplimiento en la entrega de los informes y declaraciones.<\/p>\n<p>&nbsp;<\/p>\n<p>Y de esta manera coadyuvar con el principal objetivo del programa Ejemplaridad 2017, que es combatir de manera frontal los esquemas agresivos, defraudaci\u00f3n fiscal y crear percepci\u00f3n de riesgo en los contribuyentes.<\/p>\n<p>&nbsp;<\/p>\n<p>Al Desayuno T\u00e9cnico 2017 asistieron el presidente y el vicepresidente del Consejo Directivo del Colegio de Contadores P\u00fablicos de Michoac\u00e1n, Gabriel Guti\u00e9rrez Arreola y Juan Ignacio Oros Guerrero, respectivamente; el jefe de Programaci\u00f3n de la Direcci\u00f3n de Auditor\u00eda y Revisi\u00f3n Fiscal de Gobierno del Estado, Gerardo Rocha Montero; y el subdelegado de la Procuradur\u00eda de la Defensa del Contribuyente, Jos\u00e9 Ra\u00fal Aguilera Aguilera.<\/p>\n","protected":false},"excerpt":{"rendered":"<p>Morelia, Michoac\u00e1n, a 6 de julio de 2017.-\u00a0Con el objetivo de dar a conocer los pormenores del programa Ejemplaridad que implementan de manera conjunta los Gobiernos Federal y Estatal a trav\u00e9s del Servicio de Administraci\u00f3n Tributaria y la Secretar\u00eda de Finanzas y Administraci\u00f3n (SFA), respectivamente, el director de Auditor\u00eda y Revisi\u00f3n Fiscal de la dependencia [&hellip;]<\/p>\n","protected":false},"author":2,"featured_media":39444,"comment_status":"closed","ping_status":"closed","sticky":false,"template":"","format":"standard","meta":{"footnotes":""},"categories":[14,3,60],"tags":[],"class_list":["post-39443","post","type-post","status-publish","format-standard","has-post-thumbnail","hentry","category-destacadas","category-gobierno-del-estado-de-michoacan","category-michoacan"],"_links":{"self":[{"href":"https:\/\/radiowebmx.com\/nota\/wp-json\/wp\/v2\/posts\/39443","targetHints":{"allow":["GET"]}}],"collection":[{"href":"https:\/\/radiowebmx.com\/nota\/wp-json\/wp\/v2\/posts"}],"about":[{"href":"https:\/\/radiowebmx.com\/nota\/wp-json\/wp\/v2\/types\/post"}],"author":[{"embeddable":true,"href":"https:\/\/radiowebmx.com\/nota\/wp-json\/wp\/v2\/users\/2"}],"replies":[{"embeddable":true,"href":"https:\/\/radiowebmx.com\/nota\/wp-json\/wp\/v2\/comments?post=39443"}],"version-history":[{"count":1,"href":"https:\/\/radiowebmx.com\/nota\/wp-json\/wp\/v2\/posts\/39443\/revisions"}],"predecessor-version":[{"id":39446,"href":"https:\/\/radiowebmx.com\/nota\/wp-json\/wp\/v2\/posts\/39443\/revisions\/39446"}],"wp:featuredmedia":[{"embeddable":true,"href":"https:\/\/radiowebmx.com\/nota\/wp-json\/wp\/v2\/media\/39444"}],"wp:attachment":[{"href":"https:\/\/radiowebmx.com\/nota\/wp-json\/wp\/v2\/media?parent=39443"}],"wp:term":[{"taxonomy":"category","embeddable":true,"href":"https:\/\/radiowebmx.com\/nota\/wp-json\/wp\/v2\/categories?post=39443"},{"taxonomy":"post_tag","embeddable":true,"href":"https:\/\/radiowebmx.com\/nota\/wp-json\/wp\/v2\/tags?post=39443"}],"curies":[{"name":"wp","href":"https:\/\/api.w.org\/{rel}","templated":true}]}}