{"id":39439,"date":"2017-07-06T17:25:43","date_gmt":"2017-07-06T22:25:43","guid":{"rendered":"https:\/\/radiowebmx.com\/nota\/?p=39439"},"modified":"2017-07-07T11:08:26","modified_gmt":"2017-07-07T16:08:26","slug":"morelianos-avalan-proyecto-de-modernizacion-del-alumbrado-publico-impulsado-por-alfonso-martinez","status":"publish","type":"post","link":"https:\/\/radiowebmx.com\/nota\/morelianos-avalan-proyecto-de-modernizacion-del-alumbrado-publico-impulsado-por-alfonso-martinez\/","title":{"rendered":"Morelianos avalan Proyecto de Modernizaci\u00f3n del Alumbrado P\u00fablico impulsado por Alfonso Mart\u00ednez"},"content":{"rendered":"<ul>\n<li>Habitantes de la colonia Jes\u00fas Romero Flores reiteraron que resulta urgente el mejoramiento del alumbrado p\u00fablico en sus zonas habitacionales.<\/li>\n<\/ul>\n<p>&nbsp;<\/p>\n<div>Morelia, Mich., a 06 de Julio de 2017<br \/>\nBOLET\u00cdN 1102\/2017<\/div>\n<p>&nbsp;<\/p>\n<div>Los morelianos se han unido a la iniciativa del Presidente Municipal de Morelia, Alfonso Mart\u00ednez Alc\u00e1zar, de realizar la Modernizaci\u00f3n Integral del Alumbrado P\u00fablico en la capital michoacana, la cual tambi\u00e9n es avalada por los integrantes del Honorable Cabildo y actualmente requiere del respaldo del Poder Legislativo de Michoac\u00e1n para su ejecuci\u00f3n.<br \/>\n<a href=\"https:\/\/radiowebmx.com\/nota\/wp-content\/uploads\/2017\/07\/321b7dd7-9f4a-410e-bbd4-9ed2b837d60e.jpg\"><img loading=\"lazy\" decoding=\"async\" class=\"alignnone size-medium wp-image-39441\" src=\"https:\/\/radiowebmx.com\/nota\/wp-content\/uploads\/2017\/07\/321b7dd7-9f4a-410e-bbd4-9ed2b837d60e-595x579.jpg\" alt=\"\" width=\"595\" height=\"579\" srcset=\"https:\/\/radiowebmx.com\/nota\/wp-content\/uploads\/2017\/07\/321b7dd7-9f4a-410e-bbd4-9ed2b837d60e-595x579.jpg 595w, https:\/\/radiowebmx.com\/nota\/wp-content\/uploads\/2017\/07\/321b7dd7-9f4a-410e-bbd4-9ed2b837d60e.jpg 709w\" sizes=\"auto, (max-width: 595px) 100vw, 595px\" \/><\/a><br \/>\nHabitantes de la colonia Jes\u00fas Romero Flores, coincidieron en se\u00f1alar que este servicio resulta necesario y de suma importancia para la ciudad, especialmente en materia de seguridad y convivencia, pues refirieron que en calles poco iluminadas o \u201capagadas\u201d se propician entornos m\u00e1s favorables para el desarrollo de actividades delictivas.<\/p>\n<p>Lamentaron que hoy en d\u00eda de las m\u00e1s de 67 mil luminarias que hay en el municipio, m\u00e1s de 23 mil se mantienen sin funcionar, en tanto el resto \u201ciluminan poco y son ineficientes\u201d, por ello, alzaron la voz para que este proyecto se apruebe y se arranque lo antes posible en la capital moreliana.<\/p>\n<p>Al respecto y en espera de una respuesta positiva por parte diputados locales, vecinos del mencionado complejo habitacional, se mostraron a favor de la iniciativa del Edil Independiente, ya que reconocieron tener un abandono de varios a\u00f1os en materia de iluminaci\u00f3n en sus calles; \u201cles pedimos apoyo para dar luz verde e iniciar el mejoramiento de este indispensable servicio\u201d, refiri\u00f3 la se\u00f1ora Guadalupe Pasaye.<\/p>\n<p>Asimismo, se\u00f1al\u00f3 que desde hace varias administraciones hab\u00edan solicitado el cambio de luminarias; \u201chay varias calles en nuestra colonia en las cuales no hay alumbrado y corremos peligro las personas que transitamos por aqu\u00ed, por eso, a nombre de toda la colonia, pedimos que apoyen este proyecto porque es de beneficio para todos nosotros\u201d.<\/p>\n<p>Por su parte, Cristina Rodr\u00edguez, quien tiene m\u00e1s de 19 a\u00f1os viviendo en la colonia Jes\u00fas Romero Flores, expres\u00f3 tambi\u00e9n que \u201chace mucha falta el alumbrado p\u00fablico, tanto en esta zona como en toda la ciudad\u201d, en lo que coincidi\u00f3 Marina Huerta, \u201cya tenemos bastante tiempo con este problema y es preocupante sobre todo porque los muchachos donde ven obscuro, ah\u00ed es donde hacen su bolitas y se presta para que cometan delitos\u201d.<\/p>\n<p>Respecto al proyecto integral de modernizaci\u00f3n de la iluminaci\u00f3n tanto en su colonia como en la capital michoacana, las ciudadanas se dijeron complacidas y en total apoyo a este proyecto integral de eficiencia y modernizaci\u00f3n del Alumbrado P\u00fablico.<\/p>\n<p>\u201cEsperemos nos hagan caso porque ya tenemos muchos a\u00f1os en esta situaci\u00f3n y queremos que vean por el inter\u00e9s de todos los morelianos\u201d, apunt\u00f3 Cristina Rodr\u00edguez, colona de esta demarcaci\u00f3n.<\/p>\n<p>Con iniciativas que apelen a la modernizaci\u00f3n de la infraestructura urbana en el municipio, el Presidente Municipal, Alfonso Mart\u00ednez Alc\u00e1zar, refrenda su compromiso por mejorar la calidad de vida de las familias capitalinas, sin distingos y de manera unitaria.<\/p>\n<p>\u201cUna de las demandas m\u00e1s constantes de los morelianos es precisamente el tema de las luminarias, sin embargo, debido al n\u00famero de personal y las herramientas con las que contamos, es dif\u00edcil dar respuesta con la celeridad que se requiere, pues incluso atendemos estas solicitudes hasta despu\u00e9s de dos meses a trav\u00e9s de la Direcci\u00f3n de Alumbrado Sustentable\u201d, reconoci\u00f3 el Alcalde.<\/p>\n<p>Cabe mencionar que el 80 por ciento de las quejas que recibe el Ayuntamiento de Morelia a trav\u00e9s del 072 y de L\u00ednea Directa, corresponden al \u00e1rea de Alumbrado Sustentable, de estas 9 de cada 10 son por falta de luz en la v\u00eda p\u00fablica (calles sin luz, l\u00e1mparas apagadas, etc.).<\/p>\n<p>Mientras que de las m\u00e1s de 67 mil luminarias, m\u00e1s del 75 por ciento son l\u00e1mparas de Vapor de Sodio de Alta Presi\u00f3n, el 15 por ciento son l\u00e1mparas de inducci\u00f3n magn\u00e9tica y s\u00f3lo el 1.4 por ciento son luminarias LED.<\/p>\n<p>De esta manera, el denominado \u201cProyecto Integral de Modernizaci\u00f3n, Rehabilitaci\u00f3n, Mantenimiento, Operaci\u00f3n y Gesti\u00f3n de la Energ\u00eda del Sistema de Alumbrado P\u00fablico de Morelia\u201d, contempla la adquisici\u00f3n, reposici\u00f3n, instalaci\u00f3n, puesta en operaci\u00f3n de luminarias con tecnolog\u00edas eficientes y mantenimiento; operaci\u00f3n y conservaci\u00f3n de las nuevas luminarias; as\u00ed como el pago del costo por concepto de energ\u00eda el\u00e9ctrica y gesti\u00f3n del suministro el\u00e9ctrico, a efecto de modernizar la iluminaci\u00f3n en la ciudad.<\/p><\/div>\n","protected":false},"excerpt":{"rendered":"<p>Habitantes de la colonia Jes\u00fas Romero Flores reiteraron que resulta urgente el mejoramiento del alumbrado p\u00fablico en sus zonas habitacionales. &nbsp; Morelia, Mich., a 06 de Julio de 2017 BOLET\u00cdN 1102\/2017 &nbsp; Los morelianos se han unido a la iniciativa del Presidente Municipal de Morelia, Alfonso Mart\u00ednez Alc\u00e1zar, de realizar la Modernizaci\u00f3n Integral del Alumbrado [&hellip;]<\/p>\n","protected":false},"author":2,"featured_media":39440,"comment_status":"closed","ping_status":"closed","sticky":false,"template":"","format":"standard","meta":{"footnotes":""},"categories":[14,60,9],"tags":[],"class_list":["post-39439","post","type-post","status-publish","format-standard","has-post-thumbnail","hentry","category-destacadas","category-michoacan","category-morelia"],"_links":{"self":[{"href":"https:\/\/radiowebmx.com\/nota\/wp-json\/wp\/v2\/posts\/39439","targetHints":{"allow":["GET"]}}],"collection":[{"href":"https:\/\/radiowebmx.com\/nota\/wp-json\/wp\/v2\/posts"}],"about":[{"href":"https:\/\/radiowebmx.com\/nota\/wp-json\/wp\/v2\/types\/post"}],"author":[{"embeddable":true,"href":"https:\/\/radiowebmx.com\/nota\/wp-json\/wp\/v2\/users\/2"}],"replies":[{"embeddable":true,"href":"https:\/\/radiowebmx.com\/nota\/wp-json\/wp\/v2\/comments?post=39439"}],"version-history":[{"count":1,"href":"https:\/\/radiowebmx.com\/nota\/wp-json\/wp\/v2\/posts\/39439\/revisions"}],"predecessor-version":[{"id":39442,"href":"https:\/\/radiowebmx.com\/nota\/wp-json\/wp\/v2\/posts\/39439\/revisions\/39442"}],"wp:featuredmedia":[{"embeddable":true,"href":"https:\/\/radiowebmx.com\/nota\/wp-json\/wp\/v2\/media\/39440"}],"wp:attachment":[{"href":"https:\/\/radiowebmx.com\/nota\/wp-json\/wp\/v2\/media?parent=39439"}],"wp:term":[{"taxonomy":"category","embeddable":true,"href":"https:\/\/radiowebmx.com\/nota\/wp-json\/wp\/v2\/categories?post=39439"},{"taxonomy":"post_tag","embeddable":true,"href":"https:\/\/radiowebmx.com\/nota\/wp-json\/wp\/v2\/tags?post=39439"}],"curies":[{"name":"wp","href":"https:\/\/api.w.org\/{rel}","templated":true}]}}