{"id":39419,"date":"2017-07-06T20:39:06","date_gmt":"2017-07-07T01:39:06","guid":{"rendered":"https:\/\/radiowebmx.com\/nota\/?p=39419"},"modified":"2017-07-07T10:30:51","modified_gmt":"2017-07-07T15:30:51","slug":"inicia-primera-reunion-estatal-de-academias-del-cecytem","status":"publish","type":"post","link":"https:\/\/radiowebmx.com\/nota\/inicia-primera-reunion-estatal-de-academias-del-cecytem\/","title":{"rendered":"Inicia Primera Reuni\u00f3n Estatal de Academias del CECyTEM"},"content":{"rendered":"<ul>\n<li>Participan directores de planteles escolarizados, subdirectores, coordinadores y presidentes de academia.<\/li>\n<\/ul>\n<p>&nbsp;<\/p>\n<ul>\n<li>El objetivo del evento colegiado, enriquecer las propuestas para mejorar los indicadores de aprovechamiento, aprobaci\u00f3n y de permanencia de los alumnos del subsistema.<\/li>\n<\/ul>\n<p><strong>Morelia, Michoac\u00e1n, a 6 de julio de 2017.-<\/strong>\u00a0\u00a0Este jueves el Colegio de Estudios Cient\u00edficos y Tecnol\u00f3gicos del Estado de Michoac\u00e1n (CECyTEM) puso en marcha los trabajos de la Primera Reuni\u00f3n Estatal de Presidentes de las Academias de Matem\u00e1ticas y de Lectura y de Expresi\u00f3n Oral y Escrita.<br \/>\n<a href=\"https:\/\/radiowebmx.com\/nota\/wp-content\/uploads\/2017\/07\/486e027a-84f4-4354-895e-8e152b5b636b.jpg\"><img loading=\"lazy\" decoding=\"async\" class=\"alignnone size-medium wp-image-39421\" src=\"https:\/\/radiowebmx.com\/nota\/wp-content\/uploads\/2017\/07\/486e027a-84f4-4354-895e-8e152b5b636b-595x396.jpg\" alt=\"\" width=\"595\" height=\"396\" srcset=\"https:\/\/radiowebmx.com\/nota\/wp-content\/uploads\/2017\/07\/486e027a-84f4-4354-895e-8e152b5b636b-595x396.jpg 595w, https:\/\/radiowebmx.com\/nota\/wp-content\/uploads\/2017\/07\/486e027a-84f4-4354-895e-8e152b5b636b-272x182.jpg 272w, https:\/\/radiowebmx.com\/nota\/wp-content\/uploads\/2017\/07\/486e027a-84f4-4354-895e-8e152b5b636b.jpg 709w\" sizes=\"auto, (max-width: 595px) 100vw, 595px\" \/><\/a><br \/>\nDurante el acto de inauguraci\u00f3n del evento, la directora general del CECyTEM, Mar\u00eda del Carmen Escobedo P\u00e9rez, destac\u00f3 ante 170 directores de planteles escolarizados, subdirectores, coordinadores y presidentes de academia que el motivo del evento colegiado es mejorar los indicadores de aprovechamiento, aprobaci\u00f3n y de permanencia de los alumnos del subsistema.<\/p>\n<p>\u201cSomos la opci\u00f3n m\u00e1s importante y de excelencia para miles de j\u00f3venes en el estado para continuar con su preparaci\u00f3n al realizar su bachillerato, y por ello es importante buscar estrategias para que los estudiantes que est\u00e1n pr\u00f3ximos a ingresar en el mes de agosto sean los mismos que dentro de tres a\u00f1os est\u00e9n egresando de la instituci\u00f3n\u201d, dijo Escobedo P\u00e9rez.<\/p>\n<p>La funcionaria enfatiz\u00f3 que otro gran reto a enfrentar tiene que ver con la eficiencia terminal, para devolver a la sociedad a muchachos bien preparados que cuenten con un t\u00edtulo como t\u00e9cnico en alguna de las 19 especialidades t\u00e9cnicas con las que cuentan en los planteles escolarizados.<\/p>\n<p>Subray\u00f3 que los estudiantes requieren el acompa\u00f1amiento de los docentes y directivos: \u201ctenemos que ayudarles a descubrir la maravilla, el amor y la pasi\u00f3n por la ciencia; es importante el inculcar en nuestras aulas el estudio y el conocimiento cient\u00edfico y tecnol\u00f3gico para que nuestros j\u00f3venes puedan competir y estar en el \u00e1mbito internacional, colocados tambi\u00e9n como los m\u00e1s importantes del pa\u00eds\u201d.<\/p>\n<p>Por su parte, el director de Educaci\u00f3n Media Superior de la Secretar\u00eda de Educaci\u00f3n en el Estado, Gonzalo Villa Ibarra, reconoci\u00f3 el inter\u00e9s, compromiso y participaci\u00f3n en un evento acad\u00e9mico que marca precedentes en los subsistemas del estado, encaminado al beneficio de los estudiantes, al compartir las experiencias y los conocimientos con compa\u00f1eros de las mismas asignaturas de cada uno de los planteles del CECyTEM.<\/p>\n<p>Es importante mencionar que para llegar a la Reuni\u00f3n Estatal de Academias se realizaron reuniones regionales en la Costa, Tierra Caliente, Centro, Centro Occidente, Norte Occidente y Oriente.<\/p>\n<p>Durante los trabajos a realizarse durante los dos d\u00edas del evento se marcar\u00e1 la ruta a seguir durante los pr\u00f3ximos semestres escolares.<\/p>\n<p>Al evento inaugural asistieron los directores de \u00e1rea del CECyTEM Norma Ang\u00e9lica Flores Carrazco, Acad\u00e9mica; Ver\u00f3nica Garc\u00eda Dom\u00ednguez, Administrativa; Julio Nava N\u00fa\u00f1ez, Inform\u00e1tica; Sigifredo G\u00f3mez Anaya, de Planeaci\u00f3n; y Rafael D\u00edaz Gil, Vinculaci\u00f3n.<\/p>\n","protected":false},"excerpt":{"rendered":"<p>Participan directores de planteles escolarizados, subdirectores, coordinadores y presidentes de academia. &nbsp; El objetivo del evento colegiado, enriquecer las propuestas para mejorar los indicadores de aprovechamiento, aprobaci\u00f3n y de permanencia de los alumnos del subsistema. Morelia, Michoac\u00e1n, a 6 de julio de 2017.-\u00a0\u00a0Este jueves el Colegio de Estudios Cient\u00edficos y Tecnol\u00f3gicos del Estado de Michoac\u00e1n [&hellip;]<\/p>\n","protected":false},"author":2,"featured_media":39420,"comment_status":"closed","ping_status":"closed","sticky":false,"template":"","format":"standard","meta":{"footnotes":""},"categories":[14,3,60],"tags":[],"class_list":["post-39419","post","type-post","status-publish","format-standard","has-post-thumbnail","hentry","category-destacadas","category-gobierno-del-estado-de-michoacan","category-michoacan"],"_links":{"self":[{"href":"https:\/\/radiowebmx.com\/nota\/wp-json\/wp\/v2\/posts\/39419","targetHints":{"allow":["GET"]}}],"collection":[{"href":"https:\/\/radiowebmx.com\/nota\/wp-json\/wp\/v2\/posts"}],"about":[{"href":"https:\/\/radiowebmx.com\/nota\/wp-json\/wp\/v2\/types\/post"}],"author":[{"embeddable":true,"href":"https:\/\/radiowebmx.com\/nota\/wp-json\/wp\/v2\/users\/2"}],"replies":[{"embeddable":true,"href":"https:\/\/radiowebmx.com\/nota\/wp-json\/wp\/v2\/comments?post=39419"}],"version-history":[{"count":1,"href":"https:\/\/radiowebmx.com\/nota\/wp-json\/wp\/v2\/posts\/39419\/revisions"}],"predecessor-version":[{"id":39422,"href":"https:\/\/radiowebmx.com\/nota\/wp-json\/wp\/v2\/posts\/39419\/revisions\/39422"}],"wp:featuredmedia":[{"embeddable":true,"href":"https:\/\/radiowebmx.com\/nota\/wp-json\/wp\/v2\/media\/39420"}],"wp:attachment":[{"href":"https:\/\/radiowebmx.com\/nota\/wp-json\/wp\/v2\/media?parent=39419"}],"wp:term":[{"taxonomy":"category","embeddable":true,"href":"https:\/\/radiowebmx.com\/nota\/wp-json\/wp\/v2\/categories?post=39419"},{"taxonomy":"post_tag","embeddable":true,"href":"https:\/\/radiowebmx.com\/nota\/wp-json\/wp\/v2\/tags?post=39419"}],"curies":[{"name":"wp","href":"https:\/\/api.w.org\/{rel}","templated":true}]}}