{"id":39362,"date":"2017-07-05T21:36:19","date_gmt":"2017-07-06T02:36:19","guid":{"rendered":"https:\/\/radiowebmx.com\/nota\/?p=39362"},"modified":"2017-07-06T11:39:41","modified_gmt":"2017-07-06T16:39:41","slug":"congreso-respalda-acciones-para-proteger-los-bosques","status":"publish","type":"post","link":"https:\/\/radiowebmx.com\/nota\/congreso-respalda-acciones-para-proteger-los-bosques\/","title":{"rendered":"Congreso respalda acciones para proteger los bosques"},"content":{"rendered":"<ul type=\"disc\">\n<li class=\"x_MsoNormal\"><i>Diputados fueron informados de las acciones legales en favor del medio ambiente<\/i><\/li>\n<\/ul>\n<p class=\"x_MsoNormal\" align=\"center\">\n<p class=\"x_MsoNormal\"><b>Morelia; Michoac\u00e1n, 05 de julio de 2017<\/b>.- \u00a0Diputados de todos los partidos pol\u00edticos representados en el Congreso del Estado, respaldaron las acciones legales que realiza la administraci\u00f3n estatal, encaminadas a conservar los bosques y que contribuyen a preservar de manera permanente el equilibrio ecol\u00f3gico en la entidad, esto durante la reuni\u00f3n de trabajo con Ricardo Luna, Secretario de Medio Ambiente, Recursos Naturales y Cambio Clim\u00e1tico (Semarnacc) en el sal\u00f3n de recepciones del Poder Legislativo, en donde se inform\u00f3 sobre distintas acciones que realiza esa dependencia, derivadas del cambio ilegal del uso del suelo.<\/p>\n<p class=\"x_MsoNormal\">\n<p class=\"x_MsoNormal\">En la reuni\u00f3n estuvieron presentes el diputado Pascual Sigala, Presidente de la Mesa Directiva y la Presidente de la Junta de Coordinaci\u00f3n Pol\u00edtica, Adriana Hern\u00e1ndez, quienes avalaron dichas acciones, por considerar que la LXXIII Legislatura ha discutido constantemente sobre la atenci\u00f3n de este importante tema, por considerarlo como de seguridad nacional.<\/p>\n<p class=\"x_MsoNormal\">\n<p class=\"x_MsoNormal\">El encuentro fue a iniciativa del diputado Ernesto N\u00fa\u00f1ez. Tambi\u00e9n estuvieron presentes Rosal\u00eda Miranda Ar\u00e9valo, presidente de la Comisi\u00f3n de Desarrollo Sustentable \u00a0y Medio Ambiente, Juanita Noem\u00ed Ram\u00edrez, Xochitl Ru\u00edz, Mary Carmen Bernal, Guadalupe Aguilera, Brenda Fraga, \u00a0Sergio Ochoa,\u00a0 Roberto Carlos L\u00f3pez\u00a0 y Jos\u00e9 Jaime Hinojosa.<\/p>\n<p class=\"x_MsoNormal\">\n<p class=\"x_MsoNormal\">En el Pleno, distintos diputados, han presentado varias iniciativas de ley con el prop\u00f3sito de fortalecer\u00a0el entramado legal\u00a0para conservar los bosques michoacanos, pero tambi\u00e9n dotar de instrumentos legales\u00a0a la administraci\u00f3n estatal para castigar la tala clandestina, los incendios intencionales y el cambio del uso del suelo.<\/p>\n<p class=\"x_MsoNormal\">\n<p class=\"x_MsoNormal\">Durante su intervenci\u00f3n Luna\u00a0Garc\u00eda dio cifras alarmantes sobre el deterioro que presentan la mayor\u00eda de los bosques por cambio de uso de suelo, tala clandestina, e incendios provocados, que se realiza con el prop\u00f3sito de plantar aguacate principalmente.<\/p>\n","protected":false},"excerpt":{"rendered":"<p>Diputados fueron informados de las acciones legales en favor del medio ambiente Morelia; Michoac\u00e1n, 05 de julio de 2017.- \u00a0Diputados de todos los partidos pol\u00edticos representados en el Congreso del Estado, respaldaron las acciones legales que realiza la administraci\u00f3n estatal, encaminadas a conservar los bosques y que contribuyen a preservar de manera permanente el equilibrio [&hellip;]<\/p>\n","protected":false},"author":2,"featured_media":39363,"comment_status":"closed","ping_status":"closed","sticky":false,"template":"","format":"standard","meta":{"footnotes":""},"categories":[6,14],"tags":[],"class_list":["post-39362","post","type-post","status-publish","format-standard","has-post-thumbnail","hentry","category-congreso-del-estado","category-destacadas"],"_links":{"self":[{"href":"https:\/\/radiowebmx.com\/nota\/wp-json\/wp\/v2\/posts\/39362","targetHints":{"allow":["GET"]}}],"collection":[{"href":"https:\/\/radiowebmx.com\/nota\/wp-json\/wp\/v2\/posts"}],"about":[{"href":"https:\/\/radiowebmx.com\/nota\/wp-json\/wp\/v2\/types\/post"}],"author":[{"embeddable":true,"href":"https:\/\/radiowebmx.com\/nota\/wp-json\/wp\/v2\/users\/2"}],"replies":[{"embeddable":true,"href":"https:\/\/radiowebmx.com\/nota\/wp-json\/wp\/v2\/comments?post=39362"}],"version-history":[{"count":1,"href":"https:\/\/radiowebmx.com\/nota\/wp-json\/wp\/v2\/posts\/39362\/revisions"}],"predecessor-version":[{"id":39364,"href":"https:\/\/radiowebmx.com\/nota\/wp-json\/wp\/v2\/posts\/39362\/revisions\/39364"}],"wp:featuredmedia":[{"embeddable":true,"href":"https:\/\/radiowebmx.com\/nota\/wp-json\/wp\/v2\/media\/39363"}],"wp:attachment":[{"href":"https:\/\/radiowebmx.com\/nota\/wp-json\/wp\/v2\/media?parent=39362"}],"wp:term":[{"taxonomy":"category","embeddable":true,"href":"https:\/\/radiowebmx.com\/nota\/wp-json\/wp\/v2\/categories?post=39362"},{"taxonomy":"post_tag","embeddable":true,"href":"https:\/\/radiowebmx.com\/nota\/wp-json\/wp\/v2\/tags?post=39362"}],"curies":[{"name":"wp","href":"https:\/\/api.w.org\/{rel}","templated":true}]}}