{"id":39359,"date":"2017-07-05T19:33:32","date_gmt":"2017-07-06T00:33:32","guid":{"rendered":"https:\/\/radiowebmx.com\/nota\/?p=39359"},"modified":"2017-07-06T11:35:37","modified_gmt":"2017-07-06T16:35:37","slug":"propone-jeovana-alcantar-responsabilidades-a-servidores-publicos-que-actuen-con-ineptitud","status":"publish","type":"post","link":"https:\/\/radiowebmx.com\/nota\/propone-jeovana-alcantar-responsabilidades-a-servidores-publicos-que-actuen-con-ineptitud\/","title":{"rendered":"Propone Jeovana Alc\u00e1ntar responsabilidades a servidores p\u00fablicos que act\u00faen con ineptitud"},"content":{"rendered":"<p><a target=\"_blank\" rel=\"noopener noreferrer\" name=\"x__GoBack\"><\/a><\/p>\n<p><b>Morelia; Michoac\u00e1n, 05 de julio de 2017.-<\/b>\u00a0<span style=\"color: #000000;\">Con la finalidad de establecer responsabilidades a los servidores p\u00fablicos del Poder Judicial que en desempe\u00f1o de sus funciones se alejen de los principios de legalidad o act\u00faen con ineptitud o descuido en la realizaci\u00f3n su tarea, la diputada por el Distrito de Hidalgo, Jeovana Alc\u00e1ntar Baca, present\u00f3 ante el pleno de la LXXIII Legislatura Local, una iniciativa de reforma a la Ley org\u00e1nica del Poder Judicial.<\/span><\/p>\n<p><a target=\"_blank\" rel=\"noopener noreferrer\" name=\"x__GoBack\"><\/a><\/p>\n<p><span style=\"color: #000000;\">Al hacer uso de la tribuna la presidenta de la Comisi\u00f3n de Fortalecimiento Municipal y L\u00edmites Territoriales, enfatiz\u00f3 que es fundamental que los integrantes del Poder Judicial, especialmente los jueces, se conduzcan bajo los principios de legalidad, y evitar que act\u00faen con ineptitud o descuido en el desempe\u00f1o de sus funciones.<\/span><\/p>\n<p><a target=\"_blank\" rel=\"noopener noreferrer\" name=\"x__GoBack\"><\/a><\/p>\n<p><span style=\"color: #000000;\">\u201cBuscamos que para la existencia de una falta administrativa, se tomen en consideraci\u00f3n las caracter\u00edsticas de la conducta, m\u00e1s que la idoneidad de la persona para ocupar el cargo, pues al haber sido sujeto a un concurso de oposici\u00f3n, se presume que es apto para ejercerlo\u201d, dijo la legisladora.<\/span><\/p>\n<p><a target=\"_blank\" rel=\"noopener noreferrer\" name=\"x__GoBack\"><\/a><\/p>\n<p><span style=\"color: #000000;\">Alc\u00e1ntar Baca refiri\u00f3 que se pretende reformar e incorporar como elemento de responsabilidad administrativa en esta Ley, para que quien act\u00fae en franca e innegable desviaci\u00f3n de la legalidad o tener un descuido inexcusable en el desempe\u00f1o de las funciones o labores que realiza, se configura la tipicidad, antijuridicidad y responsabilidad administrativa del juzgador.<\/span><\/p>\n<p><a target=\"_blank\" rel=\"noopener noreferrer\" name=\"x__GoBack\"><\/a><\/p>\n<p><span style=\"color: #000000;\">La diputada del partido del Sol Azteca, subray\u00f3, es necesario mantener un equilibrio entre la independencia que deben tener los juzgadores, y la necesidad de que \u00e9stos ajusten sus actos a los principios mencionados, so pena de responsabilidad administrativa o incluso de otra \u00edndole, como puede ser la penal, civil o pol\u00edtica.<\/span><\/p>\n<p><a target=\"_blank\" rel=\"noopener noreferrer\" name=\"x__GoBack\"><\/a><\/p>\n<p><span style=\"color: #000000;\">La iniciativa, dijo, tiene como finalidad reformar la fracci\u00f3n VII del art\u00edculo 165 de la Ley Org\u00e1nica del Poder Judicial, a fin de quitar como causa de responsabilidad el tener una notoria ineptitud en el desempe\u00f1o de las funciones o labores que realizan los servidores p\u00fablicos del Poder Judicial del Estado, ya que con ello lo que se castiga es la condici\u00f3n de la persona y no las caracter\u00edsticas de la conducta.<\/span><\/p>\n<p><a target=\"_blank\" rel=\"noopener noreferrer\" name=\"x__GoBack\"><\/a><\/p>\n<p><span style=\"color: #000000;\">\u00a0<\/span><\/p>\n<p><a target=\"_blank\" rel=\"noopener noreferrer\" name=\"x__GoBack\"><\/a><span style=\"color: #000000;\">Es por lo anterior que la iniciativa que presenta la diputada integrante de la Comisi\u00f3n de Puntos Constitucionales, Jeovana Alc\u00e1ntar, busca que se incorpore como elemento de responsabilidad administrativa el actuar en franca e innegable desviaci\u00f3n de la legalidad o tener un descuido inexcusable en el desempe\u00f1o de las funciones o labores que realiza, ya que en ese supuesto si se configura la tipicidad, antijuridicidad y responsabilidad administrativa del juzgador, y con ello se evita que pueda ampararse por haber sido sancionado por su condici\u00f3n personal y no por su conducta.<\/span><\/p>\n","protected":false},"excerpt":{"rendered":"<p>Morelia; Michoac\u00e1n, 05 de julio de 2017.-\u00a0Con la finalidad de establecer responsabilidades a los servidores p\u00fablicos del Poder Judicial que en desempe\u00f1o de sus funciones se alejen de los principios de legalidad o act\u00faen con ineptitud o descuido en la realizaci\u00f3n su tarea, la diputada por el Distrito de Hidalgo, Jeovana Alc\u00e1ntar Baca, present\u00f3 ante [&hellip;]<\/p>\n","protected":false},"author":2,"featured_media":39360,"comment_status":"closed","ping_status":"closed","sticky":false,"template":"","format":"standard","meta":{"footnotes":""},"categories":[6,14,19],"tags":[],"class_list":["post-39359","post","type-post","status-publish","format-standard","has-post-thumbnail","hentry","category-congreso-del-estado","category-destacadas","category-grupo-parlamentario-del-prd"],"_links":{"self":[{"href":"https:\/\/radiowebmx.com\/nota\/wp-json\/wp\/v2\/posts\/39359","targetHints":{"allow":["GET"]}}],"collection":[{"href":"https:\/\/radiowebmx.com\/nota\/wp-json\/wp\/v2\/posts"}],"about":[{"href":"https:\/\/radiowebmx.com\/nota\/wp-json\/wp\/v2\/types\/post"}],"author":[{"embeddable":true,"href":"https:\/\/radiowebmx.com\/nota\/wp-json\/wp\/v2\/users\/2"}],"replies":[{"embeddable":true,"href":"https:\/\/radiowebmx.com\/nota\/wp-json\/wp\/v2\/comments?post=39359"}],"version-history":[{"count":1,"href":"https:\/\/radiowebmx.com\/nota\/wp-json\/wp\/v2\/posts\/39359\/revisions"}],"predecessor-version":[{"id":39361,"href":"https:\/\/radiowebmx.com\/nota\/wp-json\/wp\/v2\/posts\/39359\/revisions\/39361"}],"wp:featuredmedia":[{"embeddable":true,"href":"https:\/\/radiowebmx.com\/nota\/wp-json\/wp\/v2\/media\/39360"}],"wp:attachment":[{"href":"https:\/\/radiowebmx.com\/nota\/wp-json\/wp\/v2\/media?parent=39359"}],"wp:term":[{"taxonomy":"category","embeddable":true,"href":"https:\/\/radiowebmx.com\/nota\/wp-json\/wp\/v2\/categories?post=39359"},{"taxonomy":"post_tag","embeddable":true,"href":"https:\/\/radiowebmx.com\/nota\/wp-json\/wp\/v2\/tags?post=39359"}],"curies":[{"name":"wp","href":"https:\/\/api.w.org\/{rel}","templated":true}]}}