{"id":39348,"date":"2017-07-05T17:17:36","date_gmt":"2017-07-05T22:17:36","guid":{"rendered":"https:\/\/radiowebmx.com\/nota\/?p=39348"},"modified":"2017-07-06T11:21:50","modified_gmt":"2017-07-06T16:21:50","slug":"proponen-diputados-del-pri-que-asm-cambie-denominacion-y-crear-consejo-de-direccion-que-supervise-su-labor","status":"publish","type":"post","link":"https:\/\/radiowebmx.com\/nota\/proponen-diputados-del-pri-que-asm-cambie-denominacion-y-crear-consejo-de-direccion-que-supervise-su-labor\/","title":{"rendered":"Proponen diputados del PRI, que ASM cambie denominaci\u00f3n y crear Consejo de Direcci\u00f3n que supervise su labor"},"content":{"rendered":"<p class=\"x_gmail-m-7309705980284651516m-4335756724946722388m-3000509787508812931gmail-msolistparagraph\">\u00a0<i>La propuesta de reforma a la Constituci\u00f3n del Estado, realizada por los diputados del PRI, Mario Armando Mendoza y Yarab\u00ed \u00c1vila plantea cambiar la denominaci\u00f3n del \u00f3rgano fiscalizador a Auditoria Superior de Fiscalizaci\u00f3n y Rendici\u00f3n de Cuentas del Estado de Michoac\u00e1n.<\/i><\/p>\n<p class=\"x_gmail-m-7309705980284651516m-4335756724946722388m-3000509787508812931gmail-msolistparagraph\"><i>\u00a0<\/i><\/p>\n<p class=\"x_MsoNormal\"><b>Morelia; Michoac\u00e1n, 05 de julio de 2017.-<\/b>\u00a0\u00a0 Con la finalidad de garantizar que la Auditoria Superior de Michoac\u00e1n realice la fiscalizaci\u00f3n y \u00a0los procesos de forma imparcial, competente, objetiva y oportuna, los diputados del PRI, Yarab\u00ed \u00c1vila Gonz\u00e1lez y Mario Armando Mendoza Guzm\u00e1n, presentaron ante el Pleno del Congreso del Estado, la propuesta de reforma para cambiar su denominaci\u00f3n y crear la figura del Consejo de Direcci\u00f3n, que ser\u00e1 parte de la Comisi\u00f3n Inspectora, y que se encargar\u00e1 de evaluar el desempe\u00f1o de la Auditor.<\/p>\n<p><a href=\"https:\/\/radiowebmx.com\/nota\/wp-content\/uploads\/2017\/07\/thumbnail_Comunicado-933-1.jpg\"><img loading=\"lazy\" decoding=\"async\" class=\"alignnone size-medium wp-image-39350\" src=\"https:\/\/radiowebmx.com\/nota\/wp-content\/uploads\/2017\/07\/thumbnail_Comunicado-933-1-595x604.jpg\" alt=\"\" width=\"595\" height=\"604\" srcset=\"https:\/\/radiowebmx.com\/nota\/wp-content\/uploads\/2017\/07\/thumbnail_Comunicado-933-1-595x604.jpg 595w, https:\/\/radiowebmx.com\/nota\/wp-content\/uploads\/2017\/07\/thumbnail_Comunicado-933-1.jpg 709w\" sizes=\"auto, (max-width: 595px) 100vw, 595px\" \/><\/a><\/p>\n<p class=\"x_MsoNormal\">La iniciativa con proyecto de Decreto, mediante la cual se propone reformar diversos art\u00edculos de la Constituci\u00f3n Pol\u00edtica del Estado de Michoac\u00e1n, plantea crear el Consejo de Direcci\u00f3n, que formar\u00e1 parte de la Comisi\u00f3n de Vigilancia de la que se propone ahora se llame Auditoria Superior de Fiscalizaci\u00f3n y Rendici\u00f3n de Cuentas del Estado de Michoac\u00e1n, ser\u00e1 encargado de auxiliarla en su atribuci\u00f3n de evaluar el desempe\u00f1o de la Auditor Superior de Fiscalizaci\u00f3n y Rendici\u00f3n de Cuentas del Estado de Michoac\u00e1n.<\/p>\n<p class=\"x_MsoNormal\">\n<p class=\"x_MsoNormal\">Adem\u00e1s este Consejo propone acciones para elevar la calidad de su labor, aportar elementos para mejorar el proceso de fiscalizaci\u00f3n superior, perfeccionar el marco jur\u00eddico aplicable, as\u00ed como en la transparencia y rendici\u00f3n de cuentas de los ingresos que reciba, as\u00ed como en funciones de contralor\u00eda, vigilar que sus servidores p\u00fablicos se conduzcan en t\u00e9rminos de lo que disponga la Ley de Fiscalizaci\u00f3n Superior y dem\u00e1s legislaci\u00f3n aplicable, y proporcionar la defensa jur\u00eddica de \u00e9stos, cuando el caso lo amerite.<\/p>\n<p class=\"x_MsoNormal\">\n<p class=\"x_MsoNormal\">Yarab\u00ed \u00c1vila Gonz\u00e1lez y Mario Armando Mendoza Guzm\u00e1n, Diputados integrantes del Grupo Parlamentario del PRI, destacaron que adem\u00e1s con esta propuesta se busca que el \u00f3rgano t\u00e9cnico del Congreso del Estado, que se busca sea ahora \u00a0Auditor\u00eda Superior de Fiscalizaci\u00f3n y Rendici\u00f3n de Cuentas del Estado de Michoac\u00e1n, sea una entidad t\u00e9cnica de fiscalizaci\u00f3n dependiente del Congreso del Estado, tendr\u00e1 personalidad jur\u00eddica propia, plena autonom\u00eda.<\/p>\n<p class=\"x_MsoNormal\">\n<p class=\"x_MsoNormal\">La iniciativa, refirieron los legisladores tiene como punto de partida en alinear, tanto la presentaci\u00f3n de la cuenta p\u00fablica, como la informaci\u00f3n financiera gubernamental, a lo previsto por Ley General de Contabilidad Gubernamental, ordenamiento de orden p\u00fablico vinculante a todos los \u00e1mbitos de gobierno, que por su actualidad, trascendencia, complejidad e importancia, se ha convertido en una normativa fundamental de las finanzas p\u00fablicas estatales.<\/p>\n<p class=\"x_MsoNormal\">\n<p class=\"x_MsoNormal\">A la par, expusieron busca el fortalecimiento institucional del \u00f3rgano t\u00e9cnico estatal de fiscalizaci\u00f3n, que se propone que el Consejo de Direcci\u00f3n se integre adem\u00e1s de dos Diputados integrantes de la Comisi\u00f3n Inspectora, por dos representante de la sociedad civil, dos del sector acad\u00e9mico, y dos m\u00e1s de los colegios de profesionistas, el cual funcionar\u00e1 de conformidad con la Ley de Fiscalizaci\u00f3n Superior.<\/p>\n<p class=\"x_MsoNormal\">\n<p class=\"x_MsoNormal\">La iniciativa de reformas constitucionales, dijeron busca impactar de forma positiva en las reformas que est\u00e1n proyect\u00e1ndose en la Ley de Fiscalizaci\u00f3n Superior para el Estado, y se alinie a la fase de implementaci\u00f3n del Sistema Estatal de combate a la corrupci\u00f3n se requiere de la transformaci\u00f3n de nuestras instituciones, como la Auditor\u00eda Superior de Michoac\u00e1n,\u00a0 la Secretar\u00eda de Contralor\u00eda del Estado de Michoac\u00e1n, la Fiscal\u00eda Especializada en Combate a la Corrupci\u00f3n, el Tribunal de Justicia Administrativa, el Instituto Michoacano de Transparencia, Acceso a la Informaci\u00f3n y Protecci\u00f3n de Datos Personales, as\u00ed como las Contralor\u00edas Municipales.<\/p>\n<p class=\"x_MsoNormal\">\n","protected":false},"excerpt":{"rendered":"<p>\u00a0La propuesta de reforma a la Constituci\u00f3n del Estado, realizada por los diputados del PRI, Mario Armando Mendoza y Yarab\u00ed \u00c1vila plantea cambiar la denominaci\u00f3n del \u00f3rgano fiscalizador a Auditoria Superior de Fiscalizaci\u00f3n y Rendici\u00f3n de Cuentas del Estado de Michoac\u00e1n. \u00a0 Morelia; Michoac\u00e1n, 05 de julio de 2017.-\u00a0\u00a0 Con la finalidad de garantizar que [&hellip;]<\/p>\n","protected":false},"author":2,"featured_media":39349,"comment_status":"closed","ping_status":"closed","sticky":false,"template":"","format":"standard","meta":{"footnotes":""},"categories":[6,14,7],"tags":[],"class_list":["post-39348","post","type-post","status-publish","format-standard","has-post-thumbnail","hentry","category-congreso-del-estado","category-destacadas","category-grupo-parlamentario-del-pri"],"_links":{"self":[{"href":"https:\/\/radiowebmx.com\/nota\/wp-json\/wp\/v2\/posts\/39348","targetHints":{"allow":["GET"]}}],"collection":[{"href":"https:\/\/radiowebmx.com\/nota\/wp-json\/wp\/v2\/posts"}],"about":[{"href":"https:\/\/radiowebmx.com\/nota\/wp-json\/wp\/v2\/types\/post"}],"author":[{"embeddable":true,"href":"https:\/\/radiowebmx.com\/nota\/wp-json\/wp\/v2\/users\/2"}],"replies":[{"embeddable":true,"href":"https:\/\/radiowebmx.com\/nota\/wp-json\/wp\/v2\/comments?post=39348"}],"version-history":[{"count":1,"href":"https:\/\/radiowebmx.com\/nota\/wp-json\/wp\/v2\/posts\/39348\/revisions"}],"predecessor-version":[{"id":39351,"href":"https:\/\/radiowebmx.com\/nota\/wp-json\/wp\/v2\/posts\/39348\/revisions\/39351"}],"wp:featuredmedia":[{"embeddable":true,"href":"https:\/\/radiowebmx.com\/nota\/wp-json\/wp\/v2\/media\/39349"}],"wp:attachment":[{"href":"https:\/\/radiowebmx.com\/nota\/wp-json\/wp\/v2\/media?parent=39348"}],"wp:term":[{"taxonomy":"category","embeddable":true,"href":"https:\/\/radiowebmx.com\/nota\/wp-json\/wp\/v2\/categories?post=39348"},{"taxonomy":"post_tag","embeddable":true,"href":"https:\/\/radiowebmx.com\/nota\/wp-json\/wp\/v2\/tags?post=39348"}],"curies":[{"name":"wp","href":"https:\/\/api.w.org\/{rel}","templated":true}]}}