{"id":39338,"date":"2017-07-05T15:03:11","date_gmt":"2017-07-05T20:03:11","guid":{"rendered":"https:\/\/radiowebmx.com\/nota\/?p=39338"},"modified":"2017-07-06T10:54:56","modified_gmt":"2017-07-06T15:54:56","slug":"telebachillerato-tendra-cobertura-satelital-para-potenciar-educacion-de-calidad","status":"publish","type":"post","link":"https:\/\/radiowebmx.com\/nota\/telebachillerato-tendra-cobertura-satelital-para-potenciar-educacion-de-calidad\/","title":{"rendered":"Telebachillerato tendr\u00e1 cobertura satelital para potenciar educaci\u00f3n de calidad"},"content":{"rendered":"<p><strong>Morelia, Michoac\u00e1n, a 5 de julio de 2017.-<\/strong>\u00a0Con el objetivo de coadyuvar en el desarrollo de las comunidades rurales y marginadas del estado, el Telebachillerato Michoac\u00e1n solicit\u00f3 a la Secretar\u00eda de Comunicaciones y Transportes (SCT) extender la conectividad satelital a 182 localidades donde se ubican centros educativos del subsistema.<\/p>\n<p><a href=\"https:\/\/radiowebmx.com\/nota\/wp-content\/uploads\/2017\/07\/a245320d-f357-4d87-bf03-431e877a76d5.jpg\"><img loading=\"lazy\" decoding=\"async\" class=\"alignnone size-medium wp-image-39340\" src=\"https:\/\/radiowebmx.com\/nota\/wp-content\/uploads\/2017\/07\/a245320d-f357-4d87-bf03-431e877a76d5-595x455.jpg\" alt=\"\" width=\"595\" height=\"455\" srcset=\"https:\/\/radiowebmx.com\/nota\/wp-content\/uploads\/2017\/07\/a245320d-f357-4d87-bf03-431e877a76d5-595x455.jpg 595w, https:\/\/radiowebmx.com\/nota\/wp-content\/uploads\/2017\/07\/a245320d-f357-4d87-bf03-431e877a76d5.jpg 709w\" sizes=\"auto, (max-width: 595px) 100vw, 595px\" \/><\/a><\/p>\n<p>En reuni\u00f3n con el director general del Centro SCT Michoac\u00e1n, Florentino Coalla Pulido, el director general del Telebachillerato, Juan Carlos Barrag\u00e1n V\u00e9lez, refiri\u00f3 que para fortalecer la educaci\u00f3n en zonas carentes de servicios e infraestructura, el Gobernador Silvano Aureoles Conejo ha insistido en que las instituciones coordinen acciones que permitan garantizar seguridad y estabilidad a la poblaci\u00f3n, as\u00ed como crecimiento, desarrollo y productividad en cada regi\u00f3n.<\/p>\n<p>&nbsp;<\/p>\n<p>Explic\u00f3 que para dar seguimiento a este compromiso, el subsistema a su cargo proyecta fortalecer la educaci\u00f3n de calidad con m\u00e1s herramientas que apoyen la formaci\u00f3n de sus estudiantes, y expuso que el programa M\u00e9xico Conectado puede facilitar los medios para coadyuvar en este proceso.<\/p>\n<p>&nbsp;<\/p>\n<p>Barrag\u00e1n V\u00e9lez resalt\u00f3 que con este servicio no s\u00f3lo se estar\u00edan beneficiando a m\u00e1s de 10 mil 500 matriculados y 650 asesores docenes, sino que se propiciar\u00e1 el desarrollo humano y productivo de las comunidades.<\/p>\n<p>&nbsp;<\/p>\n<p>Se\u00f1al\u00f3 que la falta de conectividad ha impedido avanzar en la obtenci\u00f3n de recursos para el equipamiento de las aulas del Telebachillerato, donde el 80 por ciento de los alumnos tienen becas federales, por lo que urgi\u00f3 el apoyo de la SCT para agilizar la apertura de estos servicios.<\/p>\n<p>&nbsp;<\/p>\n<p>Florentino Coalla asegur\u00f3 que se redoblar\u00e1n esfuerzos para que en lo inmediato sea atendida la solicitud del Telebachillerato, e instruy\u00f3 a su equipo a dar seguimiento al proyecto para que este mismo a\u00f1o todas las zonas de Michoac\u00e1n se encuentren debidamente conectadas.<\/p>\n<p>&nbsp;<\/p>\n<p>Adelant\u00f3 que se coordinar\u00e1 tambi\u00e9n con los proveedores para realizar visitas a las comunidades donde hay centros educativos y definir as\u00ed las estrategias que permitan llevar estos servicios a los sectores vulnerables.<\/p>\n","protected":false},"excerpt":{"rendered":"<p>Morelia, Michoac\u00e1n, a 5 de julio de 2017.-\u00a0Con el objetivo de coadyuvar en el desarrollo de las comunidades rurales y marginadas del estado, el Telebachillerato Michoac\u00e1n solicit\u00f3 a la Secretar\u00eda de Comunicaciones y Transportes (SCT) extender la conectividad satelital a 182 localidades donde se ubican centros educativos del subsistema. En reuni\u00f3n con el director general [&hellip;]<\/p>\n","protected":false},"author":2,"featured_media":39339,"comment_status":"closed","ping_status":"closed","sticky":false,"template":"","format":"standard","meta":{"footnotes":""},"categories":[14,3,60],"tags":[],"class_list":["post-39338","post","type-post","status-publish","format-standard","has-post-thumbnail","hentry","category-destacadas","category-gobierno-del-estado-de-michoacan","category-michoacan"],"_links":{"self":[{"href":"https:\/\/radiowebmx.com\/nota\/wp-json\/wp\/v2\/posts\/39338","targetHints":{"allow":["GET"]}}],"collection":[{"href":"https:\/\/radiowebmx.com\/nota\/wp-json\/wp\/v2\/posts"}],"about":[{"href":"https:\/\/radiowebmx.com\/nota\/wp-json\/wp\/v2\/types\/post"}],"author":[{"embeddable":true,"href":"https:\/\/radiowebmx.com\/nota\/wp-json\/wp\/v2\/users\/2"}],"replies":[{"embeddable":true,"href":"https:\/\/radiowebmx.com\/nota\/wp-json\/wp\/v2\/comments?post=39338"}],"version-history":[{"count":1,"href":"https:\/\/radiowebmx.com\/nota\/wp-json\/wp\/v2\/posts\/39338\/revisions"}],"predecessor-version":[{"id":39341,"href":"https:\/\/radiowebmx.com\/nota\/wp-json\/wp\/v2\/posts\/39338\/revisions\/39341"}],"wp:featuredmedia":[{"embeddable":true,"href":"https:\/\/radiowebmx.com\/nota\/wp-json\/wp\/v2\/media\/39339"}],"wp:attachment":[{"href":"https:\/\/radiowebmx.com\/nota\/wp-json\/wp\/v2\/media?parent=39338"}],"wp:term":[{"taxonomy":"category","embeddable":true,"href":"https:\/\/radiowebmx.com\/nota\/wp-json\/wp\/v2\/categories?post=39338"},{"taxonomy":"post_tag","embeddable":true,"href":"https:\/\/radiowebmx.com\/nota\/wp-json\/wp\/v2\/tags?post=39338"}],"curies":[{"name":"wp","href":"https:\/\/api.w.org\/{rel}","templated":true}]}}