{"id":39330,"date":"2017-07-05T15:28:21","date_gmt":"2017-07-05T20:28:21","guid":{"rendered":"https:\/\/radiowebmx.com\/nota\/?p=39330"},"modified":"2017-07-06T10:50:22","modified_gmt":"2017-07-06T15:50:22","slug":"dif-morelia-impulsa-acciones-permanentes-a-favor-de-ninos-y-adolescentes-en-riesgo","status":"publish","type":"post","link":"https:\/\/radiowebmx.com\/nota\/dif-morelia-impulsa-acciones-permanentes-a-favor-de-ninos-y-adolescentes-en-riesgo\/","title":{"rendered":"DIF Morelia, impulsa acciones permanentes a favor de ni\u00f1os y adolescentes en riesgo"},"content":{"rendered":"<ul>\n<li>La Presidenta Honoraria, Paola Delgadillo, encabez\u00f3 la Entrega de Becas y Apoyos Alimenticios CAMAR.<\/li>\n<\/ul>\n<p>&nbsp;<\/p>\n<ul>\n<li>Se otorgaron 173 becas a menores y 236 insumos alimenticios a los beneficiarios.<\/li>\n<\/ul>\n<p>&nbsp;<\/p>\n<div>Morelia, Mich., a 05 de julio de 2017<br \/>\nBOLET\u00cdN. 1093\/2017<\/div>\n<p><a href=\"https:\/\/radiowebmx.com\/nota\/wp-content\/uploads\/2017\/07\/6e6e34ae-f295-4cd0-a88c-acb27b7c9aa4.jpg\"><img loading=\"lazy\" decoding=\"async\" class=\"alignnone size-medium wp-image-39332\" src=\"https:\/\/radiowebmx.com\/nota\/wp-content\/uploads\/2017\/07\/6e6e34ae-f295-4cd0-a88c-acb27b7c9aa4-595x356.jpg\" alt=\"\" width=\"595\" height=\"356\" srcset=\"https:\/\/radiowebmx.com\/nota\/wp-content\/uploads\/2017\/07\/6e6e34ae-f295-4cd0-a88c-acb27b7c9aa4-595x356.jpg 595w, https:\/\/radiowebmx.com\/nota\/wp-content\/uploads\/2017\/07\/6e6e34ae-f295-4cd0-a88c-acb27b7c9aa4.jpg 709w\" sizes=\"auto, (max-width: 595px) 100vw, 595px\" \/><\/a><\/p>\n<div>Con el firme compromiso de seguir impulsando acciones a favor de la permanencia escolar y sobre todo de apoyo a las familias de m\u00e1s escasos recursos con atenci\u00f3n, servicios y el acompa\u00f1amiento necesario, la Presidenta Honoraria del DIF Morelia, Paola Delgadillo de Mart\u00ednez, realiz\u00f3 la Entrega de Becas y Apoyos Alimenticios a beneficiarios del Centro de Atenci\u00f3n a Menores y Adolescentes en Riesgo (CAMAR).<\/p>\n<p>Acompa\u00f1ada de la Directora General del DIF Municipal, Melissa V\u00e1squez P\u00e9rez y de Juan Carlos Ortega Tapia, beneficiario, hizo \u00e9nfasis en el inter\u00e9s de la dependencia por evitar la deserci\u00f3n escolar de los menores, a trav\u00e9s de este tipo de apoyos, donde en esta ocasi\u00f3n fueron 173 las becas otorgadas y un total de 236 insumos alimenticios.<\/p>\n<p>\u201cLa necesidad de llevar recursos econ\u00f3micos a los hogares muchas veces obliga a los ni\u00f1os a salir a las calles a ganarse la vida, o en otras ocasiones las circunstancias familiares frenan su potencial de desarrollo, exponi\u00e9ndolos a las adicciones, violencia y la indiferencia de la sociedad. Por ello y a trav\u00e9s de este tipo de acciones en beneficio de los menores y familiares adscritos a este programa, esperamos fortalecer su permanencia escolar, sobre todo de quienes est\u00e1n en una situaci\u00f3n m\u00e1s vulnerable socioecon\u00f3micamente\u201d, explic\u00f3.<\/p>\n<p>La Presidenta Honoraria destac\u00f3 que para el DIF Morelia cada ni\u00f1o es importante, de tal forma que se trabaja de manera permanente para que este sector tenga una vida digna y las mismas oportunidades de crecimiento.<\/p>\n<p>En su oportunidad, Melissa V\u00e1squez, indic\u00f3 que el Sistema DIF emprende actividades decisivas para desalentar esta acci\u00f3n \u201cque mucho afecta a la sociedad en general, procurando el bienestar de las ni\u00f1as, ni\u00f1os y adolescentes de nuestro municipio\u201d.<\/p>\n<p>Tras se\u00f1alar que el trabajo infantil priva a los ni\u00f1os de su ni\u00f1ez, su potencial y su dignidad, perjudicando su desarrollo f\u00edsico y psicol\u00f3gico, convoc\u00f3 a la sociedad y autoridades de los tres \u00f3rdenes de Gobierno a unificar esfuerzos y establecer pol\u00edticas p\u00fablicas que garanticen la seguridad y bienestar de los menores y adolescentes.<\/p>\n<p>En su oportunidad, Juan Carlos Ortega, agradeci\u00f3 a nombre de los beneficiarios, el respaldo incondicional del Ayuntamiento Capitalino, a trav\u00e9s del DIF Municipal; \u201cgracias a su ayuda, logr\u00e9 terminar mis estudios y una carrera t\u00e9cnica, y voy a poder continuar realizando mis estudios universitarios\u201d.<\/p>\n<p>En este evento se hizo la entrega de incentivos econ\u00f3micos por un monto total de 173 mil pesos, lo que corresponde a los 5 pagos de las becas mensuales que recibe cada menor beneficiario, las cuales se destinan para la compra de \u00fatiles y uniformes escolares.<\/p>\n<p>Es de se\u00f1alar que el personal del DIF Morelia, de enero a la fecha, ha realizado 626 visitas para detectar a menores en riesgo en distintos puntos de la capital del estado, detectando a 112 ni\u00f1os, a quienes se les ha invitado sumarse al CAMAR y se les ha dado seguimiento para garantizar su permanencia escolar.<\/p><\/div>\n","protected":false},"excerpt":{"rendered":"<p>La Presidenta Honoraria, Paola Delgadillo, encabez\u00f3 la Entrega de Becas y Apoyos Alimenticios CAMAR. &nbsp; Se otorgaron 173 becas a menores y 236 insumos alimenticios a los beneficiarios. &nbsp; Morelia, Mich., a 05 de julio de 2017 BOLET\u00cdN. 1093\/2017 Con el firme compromiso de seguir impulsando acciones a favor de la permanencia escolar y sobre [&hellip;]<\/p>\n","protected":false},"author":2,"featured_media":39331,"comment_status":"closed","ping_status":"closed","sticky":false,"template":"","format":"standard","meta":{"footnotes":""},"categories":[14,60,9],"tags":[],"class_list":["post-39330","post","type-post","status-publish","format-standard","has-post-thumbnail","hentry","category-destacadas","category-michoacan","category-morelia"],"_links":{"self":[{"href":"https:\/\/radiowebmx.com\/nota\/wp-json\/wp\/v2\/posts\/39330","targetHints":{"allow":["GET"]}}],"collection":[{"href":"https:\/\/radiowebmx.com\/nota\/wp-json\/wp\/v2\/posts"}],"about":[{"href":"https:\/\/radiowebmx.com\/nota\/wp-json\/wp\/v2\/types\/post"}],"author":[{"embeddable":true,"href":"https:\/\/radiowebmx.com\/nota\/wp-json\/wp\/v2\/users\/2"}],"replies":[{"embeddable":true,"href":"https:\/\/radiowebmx.com\/nota\/wp-json\/wp\/v2\/comments?post=39330"}],"version-history":[{"count":1,"href":"https:\/\/radiowebmx.com\/nota\/wp-json\/wp\/v2\/posts\/39330\/revisions"}],"predecessor-version":[{"id":39333,"href":"https:\/\/radiowebmx.com\/nota\/wp-json\/wp\/v2\/posts\/39330\/revisions\/39333"}],"wp:featuredmedia":[{"embeddable":true,"href":"https:\/\/radiowebmx.com\/nota\/wp-json\/wp\/v2\/media\/39331"}],"wp:attachment":[{"href":"https:\/\/radiowebmx.com\/nota\/wp-json\/wp\/v2\/media?parent=39330"}],"wp:term":[{"taxonomy":"category","embeddable":true,"href":"https:\/\/radiowebmx.com\/nota\/wp-json\/wp\/v2\/categories?post=39330"},{"taxonomy":"post_tag","embeddable":true,"href":"https:\/\/radiowebmx.com\/nota\/wp-json\/wp\/v2\/tags?post=39330"}],"curies":[{"name":"wp","href":"https:\/\/api.w.org\/{rel}","templated":true}]}}