{"id":39326,"date":"2017-07-05T16:07:51","date_gmt":"2017-07-05T21:07:51","guid":{"rendered":"https:\/\/radiowebmx.com\/nota\/?p=39326"},"modified":"2017-07-06T10:48:04","modified_gmt":"2017-07-06T15:48:04","slug":"casi-lista-peatonalizacion-del-centro-historico-sosa-tapia","status":"publish","type":"post","link":"https:\/\/radiowebmx.com\/nota\/casi-lista-peatonalizacion-del-centro-historico-sosa-tapia\/","title":{"rendered":"Casi lista, Peatonalizaci\u00f3n del Centro Hist\u00f3rico: Sosa Tapia"},"content":{"rendered":"<ul>\n<li>Los trabajos en las calles Benito Ju\u00e1rez, Ignacio Zaragoza, Miguel Bernal Jim\u00e9nez y Nigromante, est\u00e1n 100 por ciento concluidos.<\/li>\n<\/ul>\n<p>&nbsp;<\/p>\n<div>Morelia, Mich., a 05 de julio de 2017<br \/>\nBOLET\u00cdN. 1094\/2017<\/div>\n<p>&nbsp;<\/p>\n<div>En breve, morelianos y turistas disfrutar\u00e1n del primer circuito peatonal en el Centro Hist\u00f3rico de la capital del estado, ya que en pr\u00f3ximos d\u00edas quedar\u00e1n concluidos los trabajos de Peatonalizaci\u00f3n, lo que permitir\u00e1 denotar a\u00fan m\u00e1s el desarrollo tur\u00edstico y econ\u00f3mico de esta zona de la ciudad, asegur\u00f3 el Secretario de Desarrollo Metropolitano e Infraestructura, Juan Fernando Sosa Tapia.<br \/>\n<a href=\"https:\/\/radiowebmx.com\/nota\/wp-content\/uploads\/2017\/07\/deae2a8c-6a8c-4fc7-8403-7abacec4448f.jpg\"><img loading=\"lazy\" decoding=\"async\" class=\"alignnone size-medium wp-image-39328\" src=\"https:\/\/radiowebmx.com\/nota\/wp-content\/uploads\/2017\/07\/deae2a8c-6a8c-4fc7-8403-7abacec4448f-595x396.jpg\" alt=\"\" width=\"595\" height=\"396\" srcset=\"https:\/\/radiowebmx.com\/nota\/wp-content\/uploads\/2017\/07\/deae2a8c-6a8c-4fc7-8403-7abacec4448f-595x396.jpg 595w, https:\/\/radiowebmx.com\/nota\/wp-content\/uploads\/2017\/07\/deae2a8c-6a8c-4fc7-8403-7abacec4448f-272x182.jpg 272w, https:\/\/radiowebmx.com\/nota\/wp-content\/uploads\/2017\/07\/deae2a8c-6a8c-4fc7-8403-7abacec4448f.jpg 709w\" sizes=\"auto, (max-width: 595px) 100vw, 595px\" \/><\/a><br \/>\nEl funcionario municipal, apunt\u00f3 que este proyecto de infraestructura de \u201cgran calado\u201d registra ya un progreso considerable; \u201chemos avanzado a paso veloz en estas acciones, muestra de ello, es que los ciudadanos ya gozan de vialidades completamente peatonales y espacios m\u00e1s accesibles y seguros en el coraz\u00f3n del municipio, las cuales pr\u00e1cticamente est\u00e1n listas\u201d, detall\u00f3.<\/p>\n<p>Refiri\u00f3 que tal como lo ha instruido el Presidente Municipal, Alfonso Mart\u00ednez Alc\u00e1zar, esta obra se ejecuta con los m\u00e1s altos est\u00e1ndares de calidad y en total apego al Plan de Desarrollo Municipal, que busca consolidar una ciudad m\u00e1s sostenible y equilibrada entre usuarios del espacio p\u00fablico.<\/p>\n<p>\u201cEste proyecto, sin duda, es un ejemplo fehaciente del municipio al que aspiramos, donde se pone en el centro a los peatones y no a los automovilistas, de forma que las primeras siete calles intervenidas, empiezan a mostrar la nueva din\u00e1mica de movilidad urbana en el primer cuadro de la capital, el cual ya es disfrutado por peatones, personas con discapacidad, adultos mayores y usuarios de los medios alternativos del transporte\u201d, explic\u00f3, Sosa Tapia.<\/p>\n<p>Precis\u00f3 que son cuatro las calles que est\u00e1n 100 por ciento terminadas: Benito Ju\u00e1rez, Ignacio Zaragoza, Miguel Bernal Jim\u00e9nez y Nigromante, en las cuales se efectu\u00f3 el suministro y colocaci\u00f3n de loseta de p\u00f3rfido; se elaboraron las rampas para personas con discapacidad; se hizo el suministro y colocaci\u00f3n de bolardos met\u00e1licos y fue instalado el mobiliario urbano.<\/p>\n<p>En tanto, que la calle Eduardo Ru\u00edz, reporta un avance del 20 por ciento y hace unos d\u00edas se iniciaron los trabajos en las vialidades de Santiago Tapia y Valent\u00edn G\u00f3mez Far\u00edas, en las que tambi\u00e9n se ejecutar\u00e1 la renivelaci\u00f3n de las rampas para personas con discapacidad, la demolici\u00f3n de pavimento existente; el suministro y colocaci\u00f3n de loseta de p\u00f3rfido y de baldosa de cantera, as\u00ed como la de placas con Sistema Braile.<\/p>\n<p>\u201cEn pr\u00f3ximas fechas, las familias morelianas disfrutar\u00e1n en plenitud de la Peatonalizaci\u00f3n del Centro Hist\u00f3rico, obra que detonar\u00e1 mayor seguridad y crecimiento econ\u00f3mico en este circuito que conecta a la Catedral de Morelia con la Antigua Central Camionera\u201d, asegur\u00f3, al tiempo que refrend\u00f3 la voluntad del Gobierno Municipal por garantizar una ciudad accesible para todos.<\/p><\/div>\n","protected":false},"excerpt":{"rendered":"<p>Los trabajos en las calles Benito Ju\u00e1rez, Ignacio Zaragoza, Miguel Bernal Jim\u00e9nez y Nigromante, est\u00e1n 100 por ciento concluidos. &nbsp; Morelia, Mich., a 05 de julio de 2017 BOLET\u00cdN. 1094\/2017 &nbsp; En breve, morelianos y turistas disfrutar\u00e1n del primer circuito peatonal en el Centro Hist\u00f3rico de la capital del estado, ya que en pr\u00f3ximos d\u00edas [&hellip;]<\/p>\n","protected":false},"author":2,"featured_media":39327,"comment_status":"closed","ping_status":"closed","sticky":false,"template":"","format":"standard","meta":{"footnotes":""},"categories":[14,60,9],"tags":[],"class_list":["post-39326","post","type-post","status-publish","format-standard","has-post-thumbnail","hentry","category-destacadas","category-michoacan","category-morelia"],"_links":{"self":[{"href":"https:\/\/radiowebmx.com\/nota\/wp-json\/wp\/v2\/posts\/39326","targetHints":{"allow":["GET"]}}],"collection":[{"href":"https:\/\/radiowebmx.com\/nota\/wp-json\/wp\/v2\/posts"}],"about":[{"href":"https:\/\/radiowebmx.com\/nota\/wp-json\/wp\/v2\/types\/post"}],"author":[{"embeddable":true,"href":"https:\/\/radiowebmx.com\/nota\/wp-json\/wp\/v2\/users\/2"}],"replies":[{"embeddable":true,"href":"https:\/\/radiowebmx.com\/nota\/wp-json\/wp\/v2\/comments?post=39326"}],"version-history":[{"count":1,"href":"https:\/\/radiowebmx.com\/nota\/wp-json\/wp\/v2\/posts\/39326\/revisions"}],"predecessor-version":[{"id":39329,"href":"https:\/\/radiowebmx.com\/nota\/wp-json\/wp\/v2\/posts\/39326\/revisions\/39329"}],"wp:featuredmedia":[{"embeddable":true,"href":"https:\/\/radiowebmx.com\/nota\/wp-json\/wp\/v2\/media\/39327"}],"wp:attachment":[{"href":"https:\/\/radiowebmx.com\/nota\/wp-json\/wp\/v2\/media?parent=39326"}],"wp:term":[{"taxonomy":"category","embeddable":true,"href":"https:\/\/radiowebmx.com\/nota\/wp-json\/wp\/v2\/categories?post=39326"},{"taxonomy":"post_tag","embeddable":true,"href":"https:\/\/radiowebmx.com\/nota\/wp-json\/wp\/v2\/tags?post=39326"}],"curies":[{"name":"wp","href":"https:\/\/api.w.org\/{rel}","templated":true}]}}