{"id":39322,"date":"2017-07-05T16:28:14","date_gmt":"2017-07-05T21:28:14","guid":{"rendered":"https:\/\/radiowebmx.com\/nota\/?p=39322"},"modified":"2017-07-06T10:45:10","modified_gmt":"2017-07-06T15:45:10","slug":"entrega-gobernador-premio-michoacan-a-la-competitividad-2016","status":"publish","type":"post","link":"https:\/\/radiowebmx.com\/nota\/entrega-gobernador-premio-michoacan-a-la-competitividad-2016\/","title":{"rendered":"Entrega Gobernador Premio Michoac\u00e1n a la Competitividad 2016"},"content":{"rendered":"<ul>\n<li>Michoac\u00e1n es un estado extraordinario; cuenta con diversas ventajas competitivas, como su riqueza natural, ubicaci\u00f3n estrat\u00e9gica, as\u00ed como la capacidad de su gente, asegura Silvano Aureoles.<\/li>\n<\/ul>\n<p>&nbsp;<\/p>\n<ul>\n<li>El PMC es el m\u00e1ximo reconocimiento que se otorga en la entidad a las organizaciones cuyo rumbo estrat\u00e9gico, capacidades diferenciadoras y las mejores pr\u00e1cticas, tienen como consecuencia elevar permanentemente la calidad.<\/li>\n<\/ul>\n<p><strong>Morelia, Michoac\u00e1n, a 5 de julio de 2017.-<\/strong>\u00a0En Michoac\u00e1n, el Gobierno del Estado trabaja y genera las condiciones para que la entidad sea cada vez m\u00e1s competitiva, lo que se logra al aprovechar las capacidades del factor m\u00e1s importante que tiene: su gente, as\u00ed lo expres\u00f3 el Gobernador Constitucional Silvano Aureoles Conejo al entregar el Premio Michoac\u00e1n a la Competitividad 2016 (PMC).<br \/>\n<a href=\"https:\/\/radiowebmx.com\/nota\/wp-content\/uploads\/2017\/07\/198475b2-1313-49e0-b541-ab6d8a8d151c.jpeg\"><img loading=\"lazy\" decoding=\"async\" class=\"alignnone size-medium wp-image-39324\" src=\"https:\/\/radiowebmx.com\/nota\/wp-content\/uploads\/2017\/07\/198475b2-1313-49e0-b541-ab6d8a8d151c-595x396.jpeg\" alt=\"\" width=\"595\" height=\"396\" srcset=\"https:\/\/radiowebmx.com\/nota\/wp-content\/uploads\/2017\/07\/198475b2-1313-49e0-b541-ab6d8a8d151c-595x396.jpeg 595w, https:\/\/radiowebmx.com\/nota\/wp-content\/uploads\/2017\/07\/198475b2-1313-49e0-b541-ab6d8a8d151c-272x182.jpeg 272w, https:\/\/radiowebmx.com\/nota\/wp-content\/uploads\/2017\/07\/198475b2-1313-49e0-b541-ab6d8a8d151c.jpeg 709w\" sizes=\"auto, (max-width: 595px) 100vw, 595px\" \/><\/a><br \/>\nAnte la presencia del presidente del Consejo de Administraci\u00f3n de la Fundaci\u00f3n para la Calidad y la Competitividad del Estado de Michoac\u00e1n A.C, Eduardo Garc\u00eda Mu\u00f1oz, Silvano Aureoles sostuvo que &#8220;si cada quien hacemos lo que nos corresponde, podemos hacer de Michoac\u00e1n la mejor entidad del pa\u00eds&#8221; y recalc\u00f3 que el sector empresarial es fundamental para fortalecer el crecimiento de Michoac\u00e1n. \u201cCon la historia que tenemos, con las tradiciones, con la cultura que tenemos, podemos ser todo lo grande que queramos\u201d.<\/p>\n<p>Dej\u00f3 en claro que Michoac\u00e1n es un estado extraordinario, pues cuenta con diversas ventajas competitivas, como son su riqueza natural, ubicaci\u00f3n estrat\u00e9gica, as\u00ed como la capacidad de su gente. De ah\u00ed, la decisi\u00f3n de que en el Puerto de L\u00e1zaro C\u00e1rdenas sea establecida la Zona Econ\u00f3mica Especial (ZEE), por lo que se iniciar\u00e1 un proceso de competitividad m\u00e1s fuerte en la entidad, tema que tendr\u00e1 que ser aprovechado.<\/p>\n<p>De igual manera, record\u00f3 que Michoac\u00e1n ha crecido en diversos rubros, como en la generaci\u00f3n de empleos; el incremento del n\u00famero de turistas tanto nacionales como internacionales; en la calidad de la educaci\u00f3n, entre otros.<\/p>\n<p>Un factor fundamental para mejorar y transformar la calidad de vida de las y los michoacanos, dijo el Gobernador de Michoac\u00e1n, es la educaci\u00f3n, tema del que precis\u00f3 se trabaja con todos los sectores de la sociedad de manera coordinada.\u00a0 \u201cLa educaci\u00f3n, es el instrumento que transforma\u201d.<\/p>\n<p>El secretario de Desarrollo Econ\u00f3mico estatal, Jes\u00fas Melgoza Vel\u00e1zquez, refiri\u00f3 que el Premio Michoac\u00e1n a la Competitividad es el m\u00e1ximo reconocimiento que se otorga en la entidad a las organizaciones cuyo rumbo estrat\u00e9gico, capacidades diferenciadoras y las mejores pr\u00e1cticas, tienen como consecuencia elevar permanentemente la calidad.<\/p>\n<p>Agreg\u00f3 que la competitividad es la capacidad que tiene un estado de atraer inversi\u00f3n y retener talento, y la actual administraci\u00f3n estatal da importantes pasos para cumplir con dicha meta para as\u00ed, generar a los habitantes las oportunidades de desarrollo tanto econ\u00f3mico como social que demandan.<\/p>\n<p>El presidente del Consejo de Administraci\u00f3n de la Fundaci\u00f3n para la Calidad y la Competitividad del Estado de Michoac\u00e1n A.C, Eduardo Garc\u00eda, manifest\u00f3 que este tipo de reconocimientos ayudan en el fortalecimiento de la competencia de empresas o instituciones en la entidad.<\/p>\n<p>En esta edici\u00f3n, la Comisi\u00f3n Federal de Electricidad (CFE) Zona de Distribuci\u00f3n Uruapan, as\u00ed como el Instituto del Valle Apatzing\u00e1n, fueron los galardonados, y recibieron reconocimientos honor\u00edficos: CFE Zona de Distribuci\u00f3n La Piedad y el Instituto Tecnol\u00f3gico de Morelia.<\/p>\n<p>En su oportunidad, el director del Instituto del Valle Apatzing\u00e1n, Leonardo Guillermo Gonz\u00e1lez Tafolla y el representante de la Comisi\u00f3n Federal de Electricidad (CFE) Zona de Distribuci\u00f3n Uruapan, Salvador Saucedo Zarco, agradecieron la entrega del Premio, galard\u00f3n que dijeron, los motivar\u00e1 a seguir trabajando en beneficio de la entidad.<\/p>\n<p>El galard\u00f3n fue creado con la finalidad de invitar a las organizaciones michoacanas a participar en un proceso de diagn\u00f3stico y evaluaci\u00f3n que motiva el aprendizaje a trav\u00e9s del an\u00e1lisis, la reflexi\u00f3n y documentaci\u00f3n de su din\u00e1mica organizacional.<\/p>\n<p>Estuvieron presentes en esta entrega, la presidenta del Centro Empresarial de Michoac\u00e1n, Lydia Nava V\u00e1zquez; la representante de la delegaci\u00f3n de la Secretar\u00eda de Econom\u00eda, Karina Rosales Rodr\u00edguez; el titular de la SICDET, Jos\u00e9 Luis Monta\u00f1ez Espinosa; en representaci\u00f3n del Ayuntamiento de Morelia, el s\u00edndico Fabio Sistos Rangel; el presidente de la Asociaci\u00f3n de Industriales del Estado de Michoac\u00e1n A.C (AIEMAC), Ricardo Bernal Vargas; as\u00ed como diversas autoridades estatales, municipales y representantes de la iniciativa privada.<\/p>\n","protected":false},"excerpt":{"rendered":"<p>Michoac\u00e1n es un estado extraordinario; cuenta con diversas ventajas competitivas, como su riqueza natural, ubicaci\u00f3n estrat\u00e9gica, as\u00ed como la capacidad de su gente, asegura Silvano Aureoles. &nbsp; El PMC es el m\u00e1ximo reconocimiento que se otorga en la entidad a las organizaciones cuyo rumbo estrat\u00e9gico, capacidades diferenciadoras y las mejores pr\u00e1cticas, tienen como consecuencia elevar [&hellip;]<\/p>\n","protected":false},"author":2,"featured_media":39323,"comment_status":"closed","ping_status":"closed","sticky":false,"template":"","format":"standard","meta":{"footnotes":""},"categories":[14,3,60],"tags":[],"class_list":["post-39322","post","type-post","status-publish","format-standard","has-post-thumbnail","hentry","category-destacadas","category-gobierno-del-estado-de-michoacan","category-michoacan"],"_links":{"self":[{"href":"https:\/\/radiowebmx.com\/nota\/wp-json\/wp\/v2\/posts\/39322","targetHints":{"allow":["GET"]}}],"collection":[{"href":"https:\/\/radiowebmx.com\/nota\/wp-json\/wp\/v2\/posts"}],"about":[{"href":"https:\/\/radiowebmx.com\/nota\/wp-json\/wp\/v2\/types\/post"}],"author":[{"embeddable":true,"href":"https:\/\/radiowebmx.com\/nota\/wp-json\/wp\/v2\/users\/2"}],"replies":[{"embeddable":true,"href":"https:\/\/radiowebmx.com\/nota\/wp-json\/wp\/v2\/comments?post=39322"}],"version-history":[{"count":1,"href":"https:\/\/radiowebmx.com\/nota\/wp-json\/wp\/v2\/posts\/39322\/revisions"}],"predecessor-version":[{"id":39325,"href":"https:\/\/radiowebmx.com\/nota\/wp-json\/wp\/v2\/posts\/39322\/revisions\/39325"}],"wp:featuredmedia":[{"embeddable":true,"href":"https:\/\/radiowebmx.com\/nota\/wp-json\/wp\/v2\/media\/39323"}],"wp:attachment":[{"href":"https:\/\/radiowebmx.com\/nota\/wp-json\/wp\/v2\/media?parent=39322"}],"wp:term":[{"taxonomy":"category","embeddable":true,"href":"https:\/\/radiowebmx.com\/nota\/wp-json\/wp\/v2\/categories?post=39322"},{"taxonomy":"post_tag","embeddable":true,"href":"https:\/\/radiowebmx.com\/nota\/wp-json\/wp\/v2\/tags?post=39322"}],"curies":[{"name":"wp","href":"https:\/\/api.w.org\/{rel}","templated":true}]}}