{"id":39305,"date":"2017-07-05T17:26:30","date_gmt":"2017-07-05T22:26:30","guid":{"rendered":"https:\/\/radiowebmx.com\/nota\/?p=39305"},"modified":"2017-07-06T10:33:43","modified_gmt":"2017-07-06T15:33:43","slug":"avances-en-materia-de-seguridad-presenta-morelia-al-ser-atendida-por-sectores-y-en-coordinacion-comisario-municipal","status":"publish","type":"post","link":"https:\/\/radiowebmx.com\/nota\/avances-en-materia-de-seguridad-presenta-morelia-al-ser-atendida-por-sectores-y-en-coordinacion-comisario-municipal\/","title":{"rendered":"Avances en materia de seguridad presenta Morelia al ser atendida por sectores y en coordinaci\u00f3n: Comisario Municipal"},"content":{"rendered":"<ul>\n<li>Sectorizaci\u00f3n de la ciudad permite tener un protocolo de actuaci\u00f3n.<\/li>\n<\/ul>\n<p>&nbsp;<\/p>\n<ul>\n<li>Se refuerzan recorridos de vigilancia por parte de la Polic\u00eda de Morelia.<\/li>\n<\/ul>\n<p>&nbsp;<\/p>\n<ul>\n<li>Se cuenta adem\u00e1s con una corporaci\u00f3n interinstitucional de Fuerza de Reacci\u00f3n Inmediata integrada por los tres \u00f3rdenes de Gobierno, Municipal, Estatal y Federal.<\/li>\n<\/ul>\n<p>&nbsp;<\/p>\n<div>Morelia, Mich., a 05 de julio de 2017<\/div>\n<p>&nbsp;<\/p>\n<div>La coordinaci\u00f3n entre los tres niveles de Gobierno, Municipal, Estatal y Federal hace frente com\u00fan a la delincuencia, el cual es uno de los principales avances en materia de seguridad que presenta el municipio de Morelia y se ha generado a trav\u00e9s de la estrategia implementada en las constantes reuniones del Grupo de Coordinaci\u00f3n para la seguridad de la ciudad y de acuerdo a la instrucci\u00f3n del Presidente Municipal, Alfonso Mart\u00ednez Alc\u00e1zar, que ha sido el fortalecer los recorridos de vigilancia por las diversas zonas de la ciudad, las 24 horas del d\u00eda.<br \/>\n<a href=\"https:\/\/radiowebmx.com\/nota\/wp-content\/uploads\/2017\/07\/a0e926c5-acb8-4184-bae6-9fddcacb0697.jpg\"><img loading=\"lazy\" decoding=\"async\" class=\"alignnone size-medium wp-image-39307\" src=\"https:\/\/radiowebmx.com\/nota\/wp-content\/uploads\/2017\/07\/a0e926c5-acb8-4184-bae6-9fddcacb0697-595x396.jpg\" alt=\"\" width=\"595\" height=\"396\" srcset=\"https:\/\/radiowebmx.com\/nota\/wp-content\/uploads\/2017\/07\/a0e926c5-acb8-4184-bae6-9fddcacb0697-595x396.jpg 595w, https:\/\/radiowebmx.com\/nota\/wp-content\/uploads\/2017\/07\/a0e926c5-acb8-4184-bae6-9fddcacb0697-272x182.jpg 272w, https:\/\/radiowebmx.com\/nota\/wp-content\/uploads\/2017\/07\/a0e926c5-acb8-4184-bae6-9fddcacb0697.jpg 709w\" sizes=\"auto, (max-width: 595px) 100vw, 595px\" \/><\/a><br \/>\nEn este sentido el Comisario de la Polic\u00eda de Morelia, Felipe Gonz\u00e1lez Carmona, asegur\u00f3 que este trabajo en conjunto va encaminado a bajar los \u00edndices delictivos en la ciudad mediante un protocolo de actuaci\u00f3n para cada situaci\u00f3n que pueda presentarse y sobre todo acudir al llamado ciudadano.<\/p>\n<p>Destac\u00f3 que los patrullajes de las diferentes corporaciones de seguridad vigilan de manera permanente y constante las zonas de la ciudad, &#8220;sin bajar la guardia\u201d en todo momento, y con ello hacer frente a los diferentes delitos que se presentan, y de esa manera brindar mayor tranquilidad a la poblaci\u00f3n del municipio de Morelia&#8221;, reiter\u00f3.<\/p>\n<p>Gonz\u00e1lez Carmona expres\u00f3 que ante la comisi\u00f3n de un delito, se cuenta con un grupo de Fuerza de Reacci\u00f3n Inmediata compuesta por los distintos integrantes de las instancias policiacas del municipio, estado, federaci\u00f3n y castrense.<\/p>\n<p>El Comisario de la Polic\u00eda de Morelia, asegur\u00f3 que se trabaja las 24 horas para hacer frente a la delincuencia, sin dar tregua, en las acciones coordinadas e interinstitucionales en beneficio de resguardar a la ciudadan\u00eda y brindar paz, as\u00ed como tranquilidad a la sociedad.<\/p>\n<p>\u201cEstamos para servir a la sociedad y atender a su llamado en cualquier situaci\u00f3n de emergencia, nos coordinamos con el estado y la federaci\u00f3n para realizar acciones contundentes y hacer un frente com\u00fan contra la delincuencia\u201d, reafirm\u00f3.<\/p>\n<p>De esta manera, el Ayuntamiento de Morelia avanza en la consolidaci\u00f3n de su Polic\u00eda a la par que se une a las diferentes corporaciones de seguridad para ofrecer una mejor calidad de vida a la ciudadan\u00eda.<\/p><\/div>\n","protected":false},"excerpt":{"rendered":"<p>Sectorizaci\u00f3n de la ciudad permite tener un protocolo de actuaci\u00f3n. &nbsp; Se refuerzan recorridos de vigilancia por parte de la Polic\u00eda de Morelia. &nbsp; Se cuenta adem\u00e1s con una corporaci\u00f3n interinstitucional de Fuerza de Reacci\u00f3n Inmediata integrada por los tres \u00f3rdenes de Gobierno, Municipal, Estatal y Federal. &nbsp; Morelia, Mich., a 05 de julio de [&hellip;]<\/p>\n","protected":false},"author":2,"featured_media":39306,"comment_status":"closed","ping_status":"closed","sticky":false,"template":"","format":"standard","meta":{"footnotes":""},"categories":[14,60,9],"tags":[],"class_list":["post-39305","post","type-post","status-publish","format-standard","has-post-thumbnail","hentry","category-destacadas","category-michoacan","category-morelia"],"_links":{"self":[{"href":"https:\/\/radiowebmx.com\/nota\/wp-json\/wp\/v2\/posts\/39305","targetHints":{"allow":["GET"]}}],"collection":[{"href":"https:\/\/radiowebmx.com\/nota\/wp-json\/wp\/v2\/posts"}],"about":[{"href":"https:\/\/radiowebmx.com\/nota\/wp-json\/wp\/v2\/types\/post"}],"author":[{"embeddable":true,"href":"https:\/\/radiowebmx.com\/nota\/wp-json\/wp\/v2\/users\/2"}],"replies":[{"embeddable":true,"href":"https:\/\/radiowebmx.com\/nota\/wp-json\/wp\/v2\/comments?post=39305"}],"version-history":[{"count":1,"href":"https:\/\/radiowebmx.com\/nota\/wp-json\/wp\/v2\/posts\/39305\/revisions"}],"predecessor-version":[{"id":39308,"href":"https:\/\/radiowebmx.com\/nota\/wp-json\/wp\/v2\/posts\/39305\/revisions\/39308"}],"wp:featuredmedia":[{"embeddable":true,"href":"https:\/\/radiowebmx.com\/nota\/wp-json\/wp\/v2\/media\/39306"}],"wp:attachment":[{"href":"https:\/\/radiowebmx.com\/nota\/wp-json\/wp\/v2\/media?parent=39305"}],"wp:term":[{"taxonomy":"category","embeddable":true,"href":"https:\/\/radiowebmx.com\/nota\/wp-json\/wp\/v2\/categories?post=39305"},{"taxonomy":"post_tag","embeddable":true,"href":"https:\/\/radiowebmx.com\/nota\/wp-json\/wp\/v2\/tags?post=39305"}],"curies":[{"name":"wp","href":"https:\/\/api.w.org\/{rel}","templated":true}]}}