{"id":39272,"date":"2017-07-05T14:33:33","date_gmt":"2017-07-05T19:33:33","guid":{"rendered":"https:\/\/radiowebmx.com\/nota\/?p=39272"},"modified":"2017-07-05T14:33:33","modified_gmt":"2017-07-05T19:33:33","slug":"acude-liconsa-a-jornadas-de-inclusion-de-personas-con-discapacidad-en-zitacuaro","status":"publish","type":"post","link":"https:\/\/radiowebmx.com\/nota\/acude-liconsa-a-jornadas-de-inclusion-de-personas-con-discapacidad-en-zitacuaro\/","title":{"rendered":"Acude LICONSA a jornadas de inclusi\u00f3n de personas con discapacidad en Zit\u00e1cuaro"},"content":{"rendered":"<p>*Atender los sectores m\u00e1s vulnerables de Michoac\u00e1n, el objetivo: Sergio Flores Luna.<\/p>\n<p>Zit\u00e1cuaro, Michoac\u00e1n a 6 de julio de 2017.- Como parte del trabajo coordinado entre los diferentes \u00f3rdenes de Gobierno y cumpliendo con la instrucci\u00f3n del Presidente de M\u00e9xico, Enrique Pe\u00f1a Nieto, la ma\u00f1ana del mi\u00e9rcoles, el encargado de LICONSA Michoac\u00e1n, Sergio Flores Luna acudi\u00f3 a la jornada de inclusi\u00f3n de\u00a0 personas con discapacidad en Zit\u00e1cuaro.<\/p>\n<p>El Gobierno de Michoac\u00e1n, a trav\u00e9s del DIF Michoac\u00e1n, y en coordinaci\u00f3n con el CRIT Telet\u00f3n, realizaron jornada de inclusi\u00f3n en ese municipio michoacano.<\/p>\n<p>Dando continuidad al convenio que se sign\u00f3 el a\u00f1o pasado entre LICONSA Michoac\u00e1n con el CRIT TELETON MICHOAC\u00c1N, LICONSA asisti\u00f3 a la incorporaci\u00f3n de personas con discapacidad de Zit\u00e1cuaro, refrendando su compromiso con los sectores m\u00e1s vulnerables de la entidad.<\/p>\n<p>Ah\u00ed, Sergio Flores Luna refrend\u00f3 el apoyo del Gobierno que encabeza Enrique Pe\u00f1a Nieto y comparti\u00f3 a los presentes el aporte que se tiene por parte de la Federaci\u00f3n hac\u00eda con los michoacanos.<\/p>\n<p>En la inauguraci\u00f3n de las jornadas de inclusi\u00f3n estuvieron presentes el presidente municipal de Zit\u00e1cuaro, Carlos Herrera Tello y su esposa; el director General del CRIT Telet\u00f3n, Luis Amparo Zatarain; la directora del DIF Michoac\u00e1n, Roc\u00edo Beamonte el encargado del despacho de LICONSA Michoac\u00e1n, Sergio Flores Luna; por mencionar a algunos.<\/p>\n<p>Flores Luna expuso a los presentes los beneficios que trae consigo el convenio entre LICONSA y el CRIT Telet\u00f3n.<\/p>\n<p>&#8220;Quiero que sepan que tienen todo el apoyo del Presidente Enrique Pe\u00f1a Nieto y que los beneficios de la leche LICONSA estar\u00e1n en todos ustedes, tal y como lo instruy\u00f3 el director General de LICONSA, H\u00e9ctor Pablo Ram\u00edrez Puga Leyva&#8221;, destac\u00f3 Sergio Flores Luna.<\/p>\n<p>Tambi\u00e9n, el encargado de LICONSA Michoac\u00e1n asever\u00f3 que el precio de 5.50 pesos en la leche continuar\u00e1 para contribuir en el apoyo de los m\u00e1s necesitados.<\/p>\n<p>&#8220;Quiero que sepan que cuentan con todo el apoyo por parte de LICONSA y del Gobierno que encabeza Enrique Pe\u00f1a Nieto; asimismo, indicarles que el precio de nuestra leche continuar\u00e1 en 5.50 pesos para apoyar sus familias&#8221;, concluy\u00f3 Sergio Flores, encargado de LICONSA Michoac\u00e1n.<\/p>\n<p>&nbsp;<\/p>\n","protected":false},"excerpt":{"rendered":"<p>*Atender los sectores m\u00e1s vulnerables de Michoac\u00e1n, el objetivo: Sergio Flores Luna. Zit\u00e1cuaro, Michoac\u00e1n a 6 de julio de 2017.- Como parte del trabajo coordinado entre los diferentes \u00f3rdenes de Gobierno y cumpliendo con la instrucci\u00f3n del Presidente de M\u00e9xico, Enrique Pe\u00f1a Nieto, la ma\u00f1ana del mi\u00e9rcoles, el encargado de LICONSA Michoac\u00e1n, Sergio Flores Luna [&hellip;]<\/p>\n","protected":false},"author":2,"featured_media":39273,"comment_status":"closed","ping_status":"closed","sticky":false,"template":"","format":"standard","meta":{"footnotes":""},"categories":[14,3,60],"tags":[],"class_list":["post-39272","post","type-post","status-publish","format-standard","has-post-thumbnail","hentry","category-destacadas","category-gobierno-del-estado-de-michoacan","category-michoacan"],"_links":{"self":[{"href":"https:\/\/radiowebmx.com\/nota\/wp-json\/wp\/v2\/posts\/39272","targetHints":{"allow":["GET"]}}],"collection":[{"href":"https:\/\/radiowebmx.com\/nota\/wp-json\/wp\/v2\/posts"}],"about":[{"href":"https:\/\/radiowebmx.com\/nota\/wp-json\/wp\/v2\/types\/post"}],"author":[{"embeddable":true,"href":"https:\/\/radiowebmx.com\/nota\/wp-json\/wp\/v2\/users\/2"}],"replies":[{"embeddable":true,"href":"https:\/\/radiowebmx.com\/nota\/wp-json\/wp\/v2\/comments?post=39272"}],"version-history":[{"count":1,"href":"https:\/\/radiowebmx.com\/nota\/wp-json\/wp\/v2\/posts\/39272\/revisions"}],"predecessor-version":[{"id":39274,"href":"https:\/\/radiowebmx.com\/nota\/wp-json\/wp\/v2\/posts\/39272\/revisions\/39274"}],"wp:featuredmedia":[{"embeddable":true,"href":"https:\/\/radiowebmx.com\/nota\/wp-json\/wp\/v2\/media\/39273"}],"wp:attachment":[{"href":"https:\/\/radiowebmx.com\/nota\/wp-json\/wp\/v2\/media?parent=39272"}],"wp:term":[{"taxonomy":"category","embeddable":true,"href":"https:\/\/radiowebmx.com\/nota\/wp-json\/wp\/v2\/categories?post=39272"},{"taxonomy":"post_tag","embeddable":true,"href":"https:\/\/radiowebmx.com\/nota\/wp-json\/wp\/v2\/tags?post=39272"}],"curies":[{"name":"wp","href":"https:\/\/api.w.org\/{rel}","templated":true}]}}