{"id":39260,"date":"2017-07-05T14:09:00","date_gmt":"2017-07-05T19:09:00","guid":{"rendered":"https:\/\/radiowebmx.com\/nota\/?p=39260"},"modified":"2017-07-05T14:09:00","modified_gmt":"2017-07-05T19:09:00","slug":"se-realizan-las-jornadas-de-inclusion-social","status":"publish","type":"post","link":"https:\/\/radiowebmx.com\/nota\/se-realizan-las-jornadas-de-inclusion-social\/","title":{"rendered":"Se realizan las Jornadas de Inclusi\u00f3n Social."},"content":{"rendered":"<p>-Zit\u00e1cuaro es la sede y se ofrecer\u00e1n conferencias y talleres este 5 y 6 de julio.<\/p>\n<p><strong>Zit\u00e1cuaro, Michoac\u00e1n, a 5 de julio de 2017.-<\/strong>\u00a0En un trabajo coordinado, el Sistema para el Desarrollo Integral de la Familia (DIF) Michoac\u00e1n, el Centro de Rehabilitaci\u00f3n e Inclusi\u00f3n Infantil Telet\u00f3n (CRIT), el Ayuntamiento de Zit\u00e1cuaro y dependencias estatales y federales realizaron las Jornadas de Inclusi\u00f3n Social, dirigidas a la poblaci\u00f3n con discapacidad, las cuales tendr\u00e1n lugar este 5 y 6 de julio en el Centro de Convenciones de este municipio.<br \/>\n<a href=\"https:\/\/radiowebmx.com\/nota\/wp-content\/uploads\/2017\/07\/f8a77bef-0019-4475-ae72-6cb775f5810f.jpeg\"><img loading=\"lazy\" decoding=\"async\" class=\"alignnone size-medium wp-image-39262\" src=\"https:\/\/radiowebmx.com\/nota\/wp-content\/uploads\/2017\/07\/f8a77bef-0019-4475-ae72-6cb775f5810f-595x495.jpeg\" alt=\"\" width=\"595\" height=\"495\" srcset=\"https:\/\/radiowebmx.com\/nota\/wp-content\/uploads\/2017\/07\/f8a77bef-0019-4475-ae72-6cb775f5810f-595x495.jpeg 595w, https:\/\/radiowebmx.com\/nota\/wp-content\/uploads\/2017\/07\/f8a77bef-0019-4475-ae72-6cb775f5810f.jpeg 709w\" sizes=\"auto, (max-width: 595px) 100vw, 595px\" \/><\/a><br \/>\nDurante la apertura, Roc\u00edo Beamonte Romero reconoci\u00f3 la iniciativa de la Fundaci\u00f3n Telet\u00f3n para acercar a la poblaci\u00f3n con discapacidad los servicios que se brindan en el CRIT.<\/p>\n<p>Estableci\u00f3 que la suma de esfuerzos entre los niveles de gobierno y la iniciativa privada siempre trae buenos resultados a favor de la poblaci\u00f3n.<\/p>\n<p>Refrend\u00f3 el compromiso que la administraci\u00f3n encabezada por el Gobernador del Estado, Silvano Aureoles Conejo tiene con este sector, ejemplo de ello es la implementaci\u00f3n del programa de Becas y Apoyos &#8220;Avanza DIFerente&#8221;.<\/p>\n<p>El director del Centro de Rehabilitaci\u00f3n en Inclusi\u00f3n Infantil Telet\u00f3n, Luis Amparano Zatara\u00edn dijo estar convencido<br \/>\nque solo uniendo esfuerzos es como se puede\u00a0lograr tener el mundo en el que todos queremos vivir &#8220;y es por ello que queremos poner al servicio y alcance de los michoacanos los\u00a0servicios que ofrecemos en el CRIT&#8221;.<\/p>\n<p>A\u00f1adi\u00f3 que en estas jornadas se establece un programa de rehabilitaci\u00f3n basado en la comunidad, es decir se brindan los ejercicios de las terapias para que se puedan hacer en casa, lo que evita la institucionalizaci\u00f3n de un paciente.<\/p>\n<p>El Presidente Municipal de Zit\u00e1cuaro, Carlos Herrera Tello agradeci\u00f3 que el municipio haya sido sede para acercar los servicios que se brindar\u00e1n en las Jornadas y enfatiz\u00f3 que su administraci\u00f3n es sensible en la atenci\u00f3n a las personas con discapacidad.<\/p>\n<p>Afirm\u00f3 que en este sentido en breve se realizar\u00e1 la reinauguraci\u00f3n del Centro de Rehabilitaci\u00f3n Integral (CRI) en este municipio, para que la poblaci\u00f3n acceda a estos servicios de manera m\u00e1s cercana.<\/p>\n<p>Las Jornadas tienen el objetivo de\u00a0trasladar los servicios especializados del CRIT\u00a0a las diferentes Regiones del estado, a trav\u00e9s\u00a0de jornadas extramuros.<\/p>\n<p>En esta ocasi\u00f3n se extendi\u00f3 la invitaci\u00f3n a la poblaci\u00f3n con discapacidad de la Regi\u00f3n Oriente que comprende los municipios de\u00a0Angangueo,\u00a0Aporo,\u00a0Contepec,\u00a0Epitacio\u00a0Huerta, Hidalgo,\u00a0Irimbo, Ju\u00e1rez,\u00a0Jungapeo, Maravat\u00edo, Ocampo,\u00a0Senguio,\u00a0Susupuato,\u00a0Tiquicheo, Tlalpujahua, Tuxpan,\u00a0Tuzantla,\u00a0Tzitzio\u00a0y\u00a0Zit\u00e1cuaro, este \u00faltimo como sede de dichas Jornadas.<\/p>\n<p>Entre los servicios que se ofrecen este mi\u00e9rcoles y jueves se encuentran:\u00a0Atenci\u00f3n y consulta m\u00e9dica de los diferentes especialistas de\u00a0Fundaci\u00f3n Telet\u00f3n\u00a0en\u00a0Michoac\u00e1n:\u00a0Neuropedatr\u00eda, Ortopedia, Urolog\u00eda, Comunicaci\u00f3n Humana, Especialistas en Rehabilitaci\u00f3n, Nutrici\u00f3n, Rehabilitaci\u00f3n Pulmonar, Pediatr\u00eda, Terapia F\u00edsica, Ocupacional y Lenguaje y Orientaci\u00f3n Psicol\u00f3gica, Pedag\u00f3gica y Social.<\/p>\n<p>Se dar\u00e1n pl\u00e1ticas,\u00a0cursos y talleres para:\u00a0Desarrollo de habilidades\u00a0de inclusi\u00f3n y rehabilitaci\u00f3n\u00a0para personal\u00a0que labora en\u00a0las Unidades B\u00e1sicas de Rehabilitaci\u00f3n y del Centro de Rehabilitaci\u00f3n Integral de la Regi\u00f3n Oriente, as\u00ed como desarrollo\u00a0de t\u00e9cnicas y habilidades de inclusi\u00f3n para personal docente de las diferentes\u00a0instituciones educativas de la regi\u00f3n.<\/p>\n<p>Tambi\u00e9n se brind\u00f3 orientaci\u00f3n, capacitaci\u00f3n y canalizaci\u00f3n a la\u00a0ciudadan\u00eda en general interesados\u00a0en dichas Jornadas, a las unidades o instituciones p\u00fablicas\u00a0de atenci\u00f3n a personas con\u00a0discapacidad m\u00e1s cercana a su poblaci\u00f3n.<\/p>\n<p>En coordinaci\u00f3n con las distintas dependencias de Gobierno Estatal, delegaciones federales, programas municipales y asociaciones civiles, instituciones de asistencia privada y empresas de la regi\u00f3n\u00a0que den atenci\u00f3n a personas con discapacidad se instal\u00f3 una feria que brind\u00f3 informaci\u00f3n a los asistentes.<\/p>\n<p>Durante la inauguraci\u00f3n se cont\u00f3 con la asistencia de Mar\u00eda del Rosario Jasso Brise\u00f1o, presidenta del Sistema DIF Municipal de Zit\u00e1cuaro;\u00a0Salvador Ju\u00e1rez Pliego, coordinador de salud municipal y Tatiana Cruz Lira, directora m\u00e9dica del CRIT Michoac\u00e1n<\/p>\n","protected":false},"excerpt":{"rendered":"<p>-Zit\u00e1cuaro es la sede y se ofrecer\u00e1n conferencias y talleres este 5 y 6 de julio. Zit\u00e1cuaro, Michoac\u00e1n, a 5 de julio de 2017.-\u00a0En un trabajo coordinado, el Sistema para el Desarrollo Integral de la Familia (DIF) Michoac\u00e1n, el Centro de Rehabilitaci\u00f3n e Inclusi\u00f3n Infantil Telet\u00f3n (CRIT), el Ayuntamiento de Zit\u00e1cuaro y dependencias estatales y [&hellip;]<\/p>\n","protected":false},"author":2,"featured_media":39261,"comment_status":"closed","ping_status":"closed","sticky":false,"template":"","format":"standard","meta":{"footnotes":""},"categories":[14,3,60],"tags":[],"class_list":["post-39260","post","type-post","status-publish","format-standard","has-post-thumbnail","hentry","category-destacadas","category-gobierno-del-estado-de-michoacan","category-michoacan"],"_links":{"self":[{"href":"https:\/\/radiowebmx.com\/nota\/wp-json\/wp\/v2\/posts\/39260","targetHints":{"allow":["GET"]}}],"collection":[{"href":"https:\/\/radiowebmx.com\/nota\/wp-json\/wp\/v2\/posts"}],"about":[{"href":"https:\/\/radiowebmx.com\/nota\/wp-json\/wp\/v2\/types\/post"}],"author":[{"embeddable":true,"href":"https:\/\/radiowebmx.com\/nota\/wp-json\/wp\/v2\/users\/2"}],"replies":[{"embeddable":true,"href":"https:\/\/radiowebmx.com\/nota\/wp-json\/wp\/v2\/comments?post=39260"}],"version-history":[{"count":1,"href":"https:\/\/radiowebmx.com\/nota\/wp-json\/wp\/v2\/posts\/39260\/revisions"}],"predecessor-version":[{"id":39263,"href":"https:\/\/radiowebmx.com\/nota\/wp-json\/wp\/v2\/posts\/39260\/revisions\/39263"}],"wp:featuredmedia":[{"embeddable":true,"href":"https:\/\/radiowebmx.com\/nota\/wp-json\/wp\/v2\/media\/39261"}],"wp:attachment":[{"href":"https:\/\/radiowebmx.com\/nota\/wp-json\/wp\/v2\/media?parent=39260"}],"wp:term":[{"taxonomy":"category","embeddable":true,"href":"https:\/\/radiowebmx.com\/nota\/wp-json\/wp\/v2\/categories?post=39260"},{"taxonomy":"post_tag","embeddable":true,"href":"https:\/\/radiowebmx.com\/nota\/wp-json\/wp\/v2\/tags?post=39260"}],"curies":[{"name":"wp","href":"https:\/\/api.w.org\/{rel}","templated":true}]}}