{"id":39244,"date":"2017-07-05T13:28:53","date_gmt":"2017-07-05T18:28:53","guid":{"rendered":"https:\/\/radiowebmx.com\/nota\/?p=39244"},"modified":"2017-07-05T13:56:52","modified_gmt":"2017-07-05T18:56:52","slug":"derecho-al-agua-ya-es-ley-congreso","status":"publish","type":"post","link":"https:\/\/radiowebmx.com\/nota\/derecho-al-agua-ya-es-ley-congreso\/","title":{"rendered":"Derecho al agua, ya es Ley: Congreso"},"content":{"rendered":"<p class=\"x_gmail-MsoListParagraphCxSpFirst\"><span lang=\"ES-MX\">\u00a0<\/span><i><span lang=\"ES-MX\">Con ello, se armoniza la Constituci\u00f3n Local, con la Federal poniendo a Michoac\u00e1n como una entidad federativa garantista.<\/span><\/i><\/p>\n<p class=\"x_gmail-MsoListParagraphCxSpLast\"><span lang=\"ES-MX\">\u00a0<\/span><\/p>\n<p class=\"x_MsoNormal\"><b><span lang=\"ES-MX\">Morelia; Michoac\u00e1n, 5 de julio de 2017.-<\/span><\/b><span lang=\"ES-MX\">Toda persona tiene derecho al acceso, disposici\u00f3n y saneamiento de agua para consumo personal y dom\u00e9stico en forma suficiente, salubre, aceptable y asequible, establece el adicionado cuarto p\u00e1rrafo del art\u00edculo 2\u00b0 de la Constituci\u00f3n Pol\u00edtica del Estado de Michoac\u00e1n, que el Congreso del Estado aprob\u00f3 en el Pleno.<\/span><\/p>\n<p>&nbsp;<\/p>\n<p class=\"x_MsoNormal\"><span lang=\"ES-MX\">Con este decreto, que fue dictaminado por las Comisiones Unidas de Puntos Constitucionales y Derechos Humanos, y presentado por la diputada Belinda Iturbide D\u00edaz, el reconocimiento del derecho fundamental para tener agua, establecido en el art\u00edculo 4\u00ba p\u00e1rrafo VI de la Constituci\u00f3n Pol\u00edtica de los Estados Unidos Mexicanos, vendr\u00e1 a fortalecer el derecho constitucional local, poniendo a Michoac\u00e1n como una entidad federativa garantista, incluyente y que fortalece el reconocimiento en su cat\u00e1logo de derechos de algotan b\u00e1sico para la vida como lo es el agua.<\/span><\/p>\n<p class=\"x_MsoNormal\"><span lang=\"ES-MX\">Este dictamen, celebrado por la\u00a0<span id=\"0.7625181311680271\" class=\"currentHitHighlight\">LXXIII<\/span>\u00a0Legislatura, va enfocado a hacer manifiesto el derecho de acceso al agua para que todas las personas cuenten con este beneficio y obtengan una mejor calidad de vida, por lo que al haber sido aprobado en sesi\u00f3n ordinaria, se orden\u00f3 remitir a los Ayuntamientos y Concejos Municipales del Estado la Minuta con proyecto de decreto, para que en el t\u00e9rmino de un mes despu\u00e9s de recibida env\u00eden, al Congreso del Estado de Michoac\u00e1n de Ocampo,el resultado de su votaci\u00f3n.<\/span><\/p>\n<p class=\"x_MsoNormal\"><span lang=\"ES-MX\">Una vez aprobado por la mayor\u00eda de los Ayuntamientos y Concejos Municipales,se notificar\u00e1 al Titular del Poder Ejecutivo del Estado para su conocimiento y publicaci\u00f3n respectiva en el Peri\u00f3dico Oficial del Gobierno Constitucional del Estado de Michoac\u00e1n de Ocampo.<\/span><\/p>\n","protected":false},"excerpt":{"rendered":"<p>\u00a0Con ello, se armoniza la Constituci\u00f3n Local, con la Federal poniendo a Michoac\u00e1n como una entidad federativa garantista. \u00a0 Morelia; Michoac\u00e1n, 5 de julio de 2017.-Toda persona tiene derecho al acceso, disposici\u00f3n y saneamiento de agua para consumo personal y dom\u00e9stico en forma suficiente, salubre, aceptable y asequible, establece el adicionado cuarto p\u00e1rrafo del art\u00edculo [&hellip;]<\/p>\n","protected":false},"author":2,"featured_media":39248,"comment_status":"closed","ping_status":"closed","sticky":false,"template":"","format":"standard","meta":{"footnotes":""},"categories":[6,14],"tags":[],"class_list":["post-39244","post","type-post","status-publish","format-standard","has-post-thumbnail","hentry","category-congreso-del-estado","category-destacadas"],"_links":{"self":[{"href":"https:\/\/radiowebmx.com\/nota\/wp-json\/wp\/v2\/posts\/39244","targetHints":{"allow":["GET"]}}],"collection":[{"href":"https:\/\/radiowebmx.com\/nota\/wp-json\/wp\/v2\/posts"}],"about":[{"href":"https:\/\/radiowebmx.com\/nota\/wp-json\/wp\/v2\/types\/post"}],"author":[{"embeddable":true,"href":"https:\/\/radiowebmx.com\/nota\/wp-json\/wp\/v2\/users\/2"}],"replies":[{"embeddable":true,"href":"https:\/\/radiowebmx.com\/nota\/wp-json\/wp\/v2\/comments?post=39244"}],"version-history":[{"count":1,"href":"https:\/\/radiowebmx.com\/nota\/wp-json\/wp\/v2\/posts\/39244\/revisions"}],"predecessor-version":[{"id":39249,"href":"https:\/\/radiowebmx.com\/nota\/wp-json\/wp\/v2\/posts\/39244\/revisions\/39249"}],"wp:featuredmedia":[{"embeddable":true,"href":"https:\/\/radiowebmx.com\/nota\/wp-json\/wp\/v2\/media\/39248"}],"wp:attachment":[{"href":"https:\/\/radiowebmx.com\/nota\/wp-json\/wp\/v2\/media?parent=39244"}],"wp:term":[{"taxonomy":"category","embeddable":true,"href":"https:\/\/radiowebmx.com\/nota\/wp-json\/wp\/v2\/categories?post=39244"},{"taxonomy":"post_tag","embeddable":true,"href":"https:\/\/radiowebmx.com\/nota\/wp-json\/wp\/v2\/tags?post=39244"}],"curies":[{"name":"wp","href":"https:\/\/api.w.org\/{rel}","templated":true}]}}