{"id":39238,"date":"2017-07-05T13:15:06","date_gmt":"2017-07-05T18:15:06","guid":{"rendered":"https:\/\/radiowebmx.com\/nota\/?p=39238"},"modified":"2017-07-05T13:46:43","modified_gmt":"2017-07-05T18:46:43","slug":"urge-planeacion-efectiva-para-michoacan-andrea-villanueva","status":"publish","type":"post","link":"https:\/\/radiowebmx.com\/nota\/urge-planeacion-efectiva-para-michoacan-andrea-villanueva\/","title":{"rendered":"Urge planeaci\u00f3n efectiva para Michoac\u00e1n: Andrea Villanueva"},"content":{"rendered":"<p class=\"x_gmail-MsoListParagraph\" align=\"center\"><span lang=\"ES\">\u00a0\u00a0\u00a0<\/span><i><span lang=\"ES\">La diputada del PAN, present\u00f3 la iniciativa de reforma al art\u00edculo 16 de la Ley de Planeaci\u00f3n en el Estado.<b><\/b><\/span><\/i><\/p>\n<p class=\"x_MsoNormal\"><b><span lang=\"ES\">Morelia; Michoac\u00e1n, 5 de julio de 2017.-<\/span><\/b><span lang=\"ES\">\u00a0Michoac\u00e1n se ha quedado estancado por la falta de un sistema de planificaci\u00f3n que permita el tan ansiado desarrollo econ\u00f3mico, ret\u00f3rica discursiva que hemos escuchamos frecuentemente por actores pol\u00edticos de todos los partidos, pero que ninguno ha sabido detonar por la falta de una planeaci\u00f3n efectiva, y un seguimiento eficiente de \u00e9sta, se\u00f1al\u00f3 la diputada Andrea Villanueva Cano al presentar la iniciativa de reforma al art\u00edculo 16 de la Ley de Planeaci\u00f3n en el Estado.<\/span><\/p>\n<p class=\"x_MsoNormal\"><span lang=\"ES\">Durante la exposici\u00f3n de motivos, la legisladora enfatiz\u00f3 que es evidente el desprecio por la planeaci\u00f3n en las administraciones, y asegur\u00f3 que \u00e9sta no es la excepci\u00f3n. Lament\u00f3 que la nueva Ley Org\u00e1nica no contemple un organismo rector vigoroso para encabezar este trabajo, al contrario, se desaparece a la entidad que realizaba funciones de planeaci\u00f3n, y se le atribuyen sus facultades a una direcci\u00f3n integrada en otra secretaria de la administraci\u00f3n p\u00fablica estatal con lo cual queda de manifiesto el desinter\u00e9s del Ejecutivo por el tema.<\/span><\/p>\n<p class=\"x_MsoNormal\"><span lang=\"ES\">Por lo anterior, la diputada present\u00f3 la reforma a la citada normativa, para que el Plan de Desarrollo integral del Estado de Michoac\u00e1n se elabore, apruebe y publique dentro de un plazo que no exceda de los 6 meses contados a partir de la fecha de toma de posesi\u00f3n del Gobernador del Estado; el Plan contendr\u00e1 los objetivos y estrategias sectoriales y regionales para el desarrollo de la entidad por un periodo de al menos veinte a\u00f1os.<\/span><\/p>\n<p class=\"x_MsoNormal\"><span lang=\"ES\">Villanueva Cano, record\u00f3 que con una planeaci\u00f3n adecuada los recursos se aplican correctamente en beneficio de los ciudadanos, generando desarrollo integral de una comunidad, lo que deber\u00eda ser el principal objetivo de un gobierno. Adem\u00e1s de que se generan condiciones id\u00f3neas para la inversi\u00f3n en infraestructura, mayor seguridad y oportunidades de empleo, que los michoacanos y las michoacanas merecemos.<\/span><\/p>\n<p class=\"x_MsoNormal\"><span lang=\"ES\">Al finalizar, Andrea Villanueva inform\u00f3 a la\u00a0<span id=\"0.9712734939884393\" class=\"currentHitHighlight\">LXXIII<\/span>\u00a0Legislatura que ha tenido acercamientos constantes con diversas \u00e1reas de la administraci\u00f3n p\u00fablica, quienes le han manifestado su preocupaci\u00f3n por la falta de una planeaci\u00f3n integral, y que ello les ha dificultado la posibilidad de establecer programas a largo plazo, que se mantengan independientes a los constantes cambios de los titulares de las dependencias.<\/span><\/p>\n","protected":false},"excerpt":{"rendered":"<p>\u00a0\u00a0\u00a0La diputada del PAN, present\u00f3 la iniciativa de reforma al art\u00edculo 16 de la Ley de Planeaci\u00f3n en el Estado. Morelia; Michoac\u00e1n, 5 de julio de 2017.-\u00a0Michoac\u00e1n se ha quedado estancado por la falta de un sistema de planificaci\u00f3n que permita el tan ansiado desarrollo econ\u00f3mico, ret\u00f3rica discursiva que hemos escuchamos frecuentemente por actores pol\u00edticos [&hellip;]<\/p>\n","protected":false},"author":2,"featured_media":39239,"comment_status":"closed","ping_status":"closed","sticky":false,"template":"","format":"standard","meta":{"footnotes":""},"categories":[6,14,8],"tags":[],"class_list":["post-39238","post","type-post","status-publish","format-standard","has-post-thumbnail","hentry","category-congreso-del-estado","category-destacadas","category-grupo-parlamentario-del-pan"],"_links":{"self":[{"href":"https:\/\/radiowebmx.com\/nota\/wp-json\/wp\/v2\/posts\/39238","targetHints":{"allow":["GET"]}}],"collection":[{"href":"https:\/\/radiowebmx.com\/nota\/wp-json\/wp\/v2\/posts"}],"about":[{"href":"https:\/\/radiowebmx.com\/nota\/wp-json\/wp\/v2\/types\/post"}],"author":[{"embeddable":true,"href":"https:\/\/radiowebmx.com\/nota\/wp-json\/wp\/v2\/users\/2"}],"replies":[{"embeddable":true,"href":"https:\/\/radiowebmx.com\/nota\/wp-json\/wp\/v2\/comments?post=39238"}],"version-history":[{"count":1,"href":"https:\/\/radiowebmx.com\/nota\/wp-json\/wp\/v2\/posts\/39238\/revisions"}],"predecessor-version":[{"id":39240,"href":"https:\/\/radiowebmx.com\/nota\/wp-json\/wp\/v2\/posts\/39238\/revisions\/39240"}],"wp:featuredmedia":[{"embeddable":true,"href":"https:\/\/radiowebmx.com\/nota\/wp-json\/wp\/v2\/media\/39239"}],"wp:attachment":[{"href":"https:\/\/radiowebmx.com\/nota\/wp-json\/wp\/v2\/media?parent=39238"}],"wp:term":[{"taxonomy":"category","embeddable":true,"href":"https:\/\/radiowebmx.com\/nota\/wp-json\/wp\/v2\/categories?post=39238"},{"taxonomy":"post_tag","embeddable":true,"href":"https:\/\/radiowebmx.com\/nota\/wp-json\/wp\/v2\/tags?post=39238"}],"curies":[{"name":"wp","href":"https:\/\/api.w.org\/{rel}","templated":true}]}}