{"id":39232,"date":"2017-07-05T12:52:21","date_gmt":"2017-07-05T17:52:21","guid":{"rendered":"https:\/\/radiowebmx.com\/nota\/?p=39232"},"modified":"2017-07-05T13:02:16","modified_gmt":"2017-07-05T18:02:16","slug":"ayuntamiento-de-morelia-regula-y-aplica-reglamento-de-estacionamientos","status":"publish","type":"post","link":"https:\/\/radiowebmx.com\/nota\/ayuntamiento-de-morelia-regula-y-aplica-reglamento-de-estacionamientos\/","title":{"rendered":"Ayuntamiento de Morelia regula y aplica Reglamento de Estacionamientos"},"content":{"rendered":"<p>En aras de fortalecer el ordenamiento en esta ciudad, el Gobierno Municipal de Morelia, a trav\u00e9s de la Secretar\u00eda del Ayuntamiento que conduce Jes\u00fas \u00c1valos Plata, afirm\u00f3 que la iniciativa con car\u00e1cter de dictamen del Reglamento de Estacionamientos y Servicio de Recepci\u00f3n y Dep\u00f3sito de Veh\u00edculos del Municipio, busca que se clasifiquen a los estacionamientos conforme a su infraestructura y se revisen las tarifas de \u00e9stos para cobrar de acuerdo a los servicios que se ofrezcan a los usuarios.<\/p>\n<p>El encargado de la pol\u00edtica interna municipal, afirm\u00f3 que es de inter\u00e9s del Alcalde, Alfonso Mart\u00ednez Alc\u00e1zar que la sociedad moreliana y visitantes de la ciudad tengan una gama de opciones accesibles y justas de estacionamientos p\u00fablicos, las cuales se adapten a sus necesidades y que adem\u00e1s ofrezca un buen servicio.<\/p>\n<p>\u201cQueremos incentivar la inversi\u00f3n en estacionamientos p\u00fablicos, ya que carecemos de los mismos, y nos interesa que ofrezcan tarifas competitivas y se adapten a las necesidades de cada usuario\u201d, resalt\u00f3.<\/p>\n<p>En este tenor, adelant\u00f3 que la propuesta ser\u00e1 abordada en reuni\u00f3n de trabajo de las\u00a0 Comisiones Conjuntas de Gobernaci\u00f3n, Trabajo, Seguridad P\u00fablica y Protecci\u00f3n Civil; Servicios P\u00fablicos Municipales y; Fomento Industrial y Comercio para actualizar dicha normativa, y posteriormente pase a Cabildo.<\/p>\n<p>Cabe recordar que el actual reglamento vigente fue elaborado desde el 2011 y se pretende renovar la normativa a las necesidades actuales que presenta la ciudad y los morelianos.<\/p>\n<p>\u00c1valos Plata, destac\u00f3 tambi\u00e9n que la presente iniciativa pretende regular a los estacionamientos eventuales y los mercantiles que se encuentran dentro de una plaza o complejo, as\u00ed como al personal denominado acomodadores o valet parking; en este tenor, solicita que los estacionamientos deban contar con los seguros que correspondan por robo total de veh\u00edculo y responsabilidad civil, entre otras bondades.<\/p>\n<p>Finalmente, Jes\u00fas \u00c1valos, hizo \u00e9nfasis en el inter\u00e9s del Gobierno Municipal de promover la cultura del orden y la legalidad en la capital michoacana, as\u00ed como de impulsar acciones que incidan positivamente en la econom\u00eda de las familias morelianas.<\/p>\n","protected":false},"excerpt":{"rendered":"<p>En aras de fortalecer el ordenamiento en esta ciudad, el Gobierno Municipal de Morelia, a trav\u00e9s de la Secretar\u00eda del Ayuntamiento que conduce Jes\u00fas \u00c1valos Plata, afirm\u00f3 que la iniciativa con car\u00e1cter de dictamen del Reglamento de Estacionamientos y Servicio de Recepci\u00f3n y Dep\u00f3sito de Veh\u00edculos del Municipio, busca que se clasifiquen a los estacionamientos [&hellip;]<\/p>\n","protected":false},"author":2,"featured_media":39233,"comment_status":"closed","ping_status":"closed","sticky":false,"template":"","format":"standard","meta":{"footnotes":""},"categories":[14,60,9],"tags":[],"class_list":["post-39232","post","type-post","status-publish","format-standard","has-post-thumbnail","hentry","category-destacadas","category-michoacan","category-morelia"],"_links":{"self":[{"href":"https:\/\/radiowebmx.com\/nota\/wp-json\/wp\/v2\/posts\/39232","targetHints":{"allow":["GET"]}}],"collection":[{"href":"https:\/\/radiowebmx.com\/nota\/wp-json\/wp\/v2\/posts"}],"about":[{"href":"https:\/\/radiowebmx.com\/nota\/wp-json\/wp\/v2\/types\/post"}],"author":[{"embeddable":true,"href":"https:\/\/radiowebmx.com\/nota\/wp-json\/wp\/v2\/users\/2"}],"replies":[{"embeddable":true,"href":"https:\/\/radiowebmx.com\/nota\/wp-json\/wp\/v2\/comments?post=39232"}],"version-history":[{"count":1,"href":"https:\/\/radiowebmx.com\/nota\/wp-json\/wp\/v2\/posts\/39232\/revisions"}],"predecessor-version":[{"id":39234,"href":"https:\/\/radiowebmx.com\/nota\/wp-json\/wp\/v2\/posts\/39232\/revisions\/39234"}],"wp:featuredmedia":[{"embeddable":true,"href":"https:\/\/radiowebmx.com\/nota\/wp-json\/wp\/v2\/media\/39233"}],"wp:attachment":[{"href":"https:\/\/radiowebmx.com\/nota\/wp-json\/wp\/v2\/media?parent=39232"}],"wp:term":[{"taxonomy":"category","embeddable":true,"href":"https:\/\/radiowebmx.com\/nota\/wp-json\/wp\/v2\/categories?post=39232"},{"taxonomy":"post_tag","embeddable":true,"href":"https:\/\/radiowebmx.com\/nota\/wp-json\/wp\/v2\/tags?post=39232"}],"curies":[{"name":"wp","href":"https:\/\/api.w.org\/{rel}","templated":true}]}}