{"id":39222,"date":"2017-07-05T09:17:59","date_gmt":"2017-07-05T14:17:59","guid":{"rendered":"https:\/\/radiowebmx.com\/nota\/?p=39222"},"modified":"2017-07-05T10:52:02","modified_gmt":"2017-07-05T15:52:02","slug":"arranca-el-viernes-diplomado-en-locucion-y-periodismo","status":"publish","type":"post","link":"https:\/\/radiowebmx.com\/nota\/arranca-el-viernes-diplomado-en-locucion-y-periodismo\/","title":{"rendered":"Arranca el viernes Diplomado en \u201cLocuci\u00f3n y Periodismo\u201d"},"content":{"rendered":"<ul>\n<li>La lista de los aspirantes que fueron seleccionados para recibir el curso ya puede ser consultada a partir de este mi\u00e9rcoles, en el portal del Gobierno del Estado www.michoacan.gob.mx.<\/li>\n<\/ul>\n<p>&nbsp;<\/p>\n<p>&nbsp;<\/p>\n<p><strong>Morelia, Michoac\u00e1n, a 5 de julio de 2017<\/strong>.- Con la participaci\u00f3n de periodistas y comunicadores de distintas regiones de Michoac\u00e1n, el pr\u00f3ximo viernes ser\u00e1 inaugurado el Diplomado \u201cLocuci\u00f3n y Periodismo\u201d que ser\u00e1 impartido por ponentes especializados de la Asociaci\u00f3n Nacional de Locutores de M\u00e9xico A.C., en acuerdo con el Gobierno del Estado, a trav\u00e9s de la Coordinaci\u00f3n General de Comunicaci\u00f3n Social (CGCS).<\/p>\n<p>&nbsp;<\/p>\n<p>La lista de aspirantes que fueron seleccionados para recibir el Diplomado ya puede ser consultada a partir de este mi\u00e9rcoles, en el portal del Gobierno del Estado www.michoacan.gob.mx.<\/p>\n<p>&nbsp;<\/p>\n<p>Las clases se llevar\u00e1n a cabo cada viernes y s\u00e1bado, de 16:00 a 20:00 y de 10:00 a 14:00 horas, respectivamente, iniciando este 7 de julio en la capital michoacana.<\/p>\n<p>&nbsp;<\/p>\n<p>El curso contempla 13 m\u00f3dulos y tendr\u00e1 como sede las instalaciones del Sistema Michoacano de Radio y Televisi\u00f3n (SMRTV), por lo que los alumnos podr\u00e1n contar con los requerimientos t\u00e9cnicos necesarios para desarrollar sus pr\u00e1cticas.<\/p>\n<p>&nbsp;<\/p>\n<p>Cabe recordar que gracias al acuerdo signado entre la CGCS y la Asociaci\u00f3n, el Diplomado tendr\u00e1 un costo de solamente $1,500.00 pesos que deber\u00e1n pagar y mandar el comprobante al correo diplomado.cgcs@gmail.com antes de las 12:00 horas del pr\u00f3ximo viernes para formalizar su inscripci\u00f3n.<\/p>\n<p>&nbsp;<\/p>\n<p>El n\u00famero de cuenta para efectuar el pago es\u00a0<a href=\"tel:0442647702\" target=\"_blank\" rel=\"noopener noreferrer\">0442647702<\/a>\u00a0de Bancomer, con Clave Interbancaria 012180004426477024, a nombre de la Asociaci\u00f3n Nacional de Locutores de M\u00e9xico, A. C.<\/p>\n<p>&nbsp;<\/p>\n<p>Es de destacar que quienes cursen el Diplomado recibir\u00e1n el Certificado en Locuci\u00f3n que expide la Asociaci\u00f3n de Locutores de M\u00e9xico A.C., representada por Rosal\u00eda Bua\u00fan S\u00e1nchez, y podr\u00e1n inscribirse como socios activos de la misma.<\/p>\n<p>&nbsp;<\/p>\n<p>Otro beneficio es que entrar\u00e1n a la Agencia de Colocaci\u00f3n de Voz del mismo organismo, por lo que estar\u00e1n registrados en una base de datos a la que tienen acceso empresas nacionales e internacionales, que podr\u00e1n contratar sus servicios.<\/p>\n<p>&nbsp;<\/p>\n<p>Con estas acciones, la CGCS, encabezada por Julieta L\u00f3pez Bautista, da cumplimiento a su compromiso de generar condiciones que contribuyan a la actualizaci\u00f3n, capacitaci\u00f3n y profesionalizaci\u00f3n de los medios de comunicaci\u00f3n en beneficio de las y los michoacanos.<\/p>\n","protected":false},"excerpt":{"rendered":"<p>La lista de los aspirantes que fueron seleccionados para recibir el curso ya puede ser consultada a partir de este mi\u00e9rcoles, en el portal del Gobierno del Estado www.michoacan.gob.mx. &nbsp; &nbsp; Morelia, Michoac\u00e1n, a 5 de julio de 2017.- Con la participaci\u00f3n de periodistas y comunicadores de distintas regiones de Michoac\u00e1n, el pr\u00f3ximo viernes ser\u00e1 [&hellip;]<\/p>\n","protected":false},"author":2,"featured_media":39223,"comment_status":"closed","ping_status":"closed","sticky":false,"template":"","format":"standard","meta":{"footnotes":""},"categories":[14,3,60],"tags":[],"class_list":["post-39222","post","type-post","status-publish","format-standard","has-post-thumbnail","hentry","category-destacadas","category-gobierno-del-estado-de-michoacan","category-michoacan"],"_links":{"self":[{"href":"https:\/\/radiowebmx.com\/nota\/wp-json\/wp\/v2\/posts\/39222","targetHints":{"allow":["GET"]}}],"collection":[{"href":"https:\/\/radiowebmx.com\/nota\/wp-json\/wp\/v2\/posts"}],"about":[{"href":"https:\/\/radiowebmx.com\/nota\/wp-json\/wp\/v2\/types\/post"}],"author":[{"embeddable":true,"href":"https:\/\/radiowebmx.com\/nota\/wp-json\/wp\/v2\/users\/2"}],"replies":[{"embeddable":true,"href":"https:\/\/radiowebmx.com\/nota\/wp-json\/wp\/v2\/comments?post=39222"}],"version-history":[{"count":1,"href":"https:\/\/radiowebmx.com\/nota\/wp-json\/wp\/v2\/posts\/39222\/revisions"}],"predecessor-version":[{"id":39224,"href":"https:\/\/radiowebmx.com\/nota\/wp-json\/wp\/v2\/posts\/39222\/revisions\/39224"}],"wp:featuredmedia":[{"embeddable":true,"href":"https:\/\/radiowebmx.com\/nota\/wp-json\/wp\/v2\/media\/39223"}],"wp:attachment":[{"href":"https:\/\/radiowebmx.com\/nota\/wp-json\/wp\/v2\/media?parent=39222"}],"wp:term":[{"taxonomy":"category","embeddable":true,"href":"https:\/\/radiowebmx.com\/nota\/wp-json\/wp\/v2\/categories?post=39222"},{"taxonomy":"post_tag","embeddable":true,"href":"https:\/\/radiowebmx.com\/nota\/wp-json\/wp\/v2\/tags?post=39222"}],"curies":[{"name":"wp","href":"https:\/\/api.w.org\/{rel}","templated":true}]}}