{"id":39211,"date":"2017-07-04T19:12:19","date_gmt":"2017-07-05T00:12:19","guid":{"rendered":"https:\/\/radiowebmx.com\/nota\/?p=39211"},"modified":"2017-07-05T10:41:18","modified_gmt":"2017-07-05T15:41:18","slug":"hogar-emaus-sera-galardonado-con-la-presea-amalia-solorzano-2017-por-el-ayuntamiento-de-morelia","status":"publish","type":"post","link":"https:\/\/radiowebmx.com\/nota\/hogar-emaus-sera-galardonado-con-la-presea-amalia-solorzano-2017-por-el-ayuntamiento-de-morelia\/","title":{"rendered":"Hogar Ema\u00fas ser\u00e1 galardonado con la Presea Amalia Sol\u00f3rzano 2017 por el Ayuntamiento de Morelia"},"content":{"rendered":"<p>*El pr\u00f3ximo lunes 10 de julio ser\u00e1 entregada esta Presea.<\/p>\n<p>*La instituci\u00f3n seleccionada en Sesi\u00f3n de Cabildo, brinda hospedaje, alimentaci\u00f3n, acompa\u00f1amiento emocional a enfermos no contagiosos y familiares de pacientes hospitalizados.<\/p>\n<div>Morelia, Mich., a 04 de Julio de 2017<br \/>\nBOLET\u00cdN. 1089\/2017<\/div>\n<p>&nbsp;<\/p>\n<div>En reconocimiento de la val\u00eda y relevante trayectoria de mujeres o instituciones que han realizado labores en favor del sector femenino y que han dado prestigio o relevancia al municipio, estado y naci\u00f3n, la Presea Amalia Sol\u00f3rzano 2017, ser\u00e1 entregada en Sesi\u00f3n Solemne de Cabildo a la Fundaci\u00f3n Hogar Ema\u00fas, el pr\u00f3ximo 10 de julio a las 12:00 horas en el Patio Central de Palacio Municipal.<\/p>\n<p>Lo anterior luego de que el cuerpo colegiado aval\u00f3 con 7 votos a favor, en la Sesi\u00f3n Ordinaria pasada, que esta instituci\u00f3n fuera la recipiendaria, por lo que ya se tiene todo listo para realizar esta premiaci\u00f3n.<\/p>\n<p>Ser\u00e1 de manos del Presidente Municipal, Alfonso Mart\u00ednez Alc\u00e1zar y la Directora del Instituto de la Mujer Moreliana (IMUMO), Mar\u00eda Eugenia Romero Olvera,\u00a0 que Hogar Ema\u00fas recibir\u00e1 esta presea que reconoce su trabajo de brindar al sector femenino al dar\u00a0 hospedaje y alimentaci\u00f3n para que puedan complementar sus tratamientos de salud en la ciudad y reincorporarse a sus actividades en el menor tiempo posible.<\/p>\n<p>Cabe recordar que tanto la Comisi\u00f3n de la Mujer Juventud y Deporte, as\u00ed como el\u00a0 Consejo General de la Condecoraci\u00f3n de la Presea \u201cAmalia Sol\u00f3rzano y el Cabildo efectuaron previamente los trabajos para la\u00a0 selecci\u00f3n de una de las 6 propuestas recibidas.<\/p>\n<p>De esta manera el Ayuntamiento de Morelia acredita y reconocer el trabajo que efect\u00faa esta fundaci\u00f3n dedicada a apoyar a un sector vulnerable de la sociedad moreliana.<\/p>\n<p>Es de mencionar que el a\u00f1o pasado, la Presea Amalia Sol\u00f3rzano Bravo tuvo dos recipiendarios, la ciudadana Eva Casta\u00f1eda Cort\u00e9s, quien destaca por su defensa permanente a las comunidades agrarias, as\u00ed como la Asociaci\u00f3n Mexicana Para Ni\u00f1os Con C\u00e1ncer (AMANC), por su trabajo a favor de menores que padecen esta enfermedad y sus familiares.<\/p><\/div>\n","protected":false},"excerpt":{"rendered":"<p>*El pr\u00f3ximo lunes 10 de julio ser\u00e1 entregada esta Presea. *La instituci\u00f3n seleccionada en Sesi\u00f3n de Cabildo, brinda hospedaje, alimentaci\u00f3n, acompa\u00f1amiento emocional a enfermos no contagiosos y familiares de pacientes hospitalizados. Morelia, Mich., a 04 de Julio de 2017 BOLET\u00cdN. 1089\/2017 &nbsp; En reconocimiento de la val\u00eda y relevante trayectoria de mujeres o instituciones que [&hellip;]<\/p>\n","protected":false},"author":2,"featured_media":39212,"comment_status":"closed","ping_status":"closed","sticky":false,"template":"","format":"standard","meta":{"footnotes":""},"categories":[14,60,9],"tags":[],"class_list":["post-39211","post","type-post","status-publish","format-standard","has-post-thumbnail","hentry","category-destacadas","category-michoacan","category-morelia"],"_links":{"self":[{"href":"https:\/\/radiowebmx.com\/nota\/wp-json\/wp\/v2\/posts\/39211","targetHints":{"allow":["GET"]}}],"collection":[{"href":"https:\/\/radiowebmx.com\/nota\/wp-json\/wp\/v2\/posts"}],"about":[{"href":"https:\/\/radiowebmx.com\/nota\/wp-json\/wp\/v2\/types\/post"}],"author":[{"embeddable":true,"href":"https:\/\/radiowebmx.com\/nota\/wp-json\/wp\/v2\/users\/2"}],"replies":[{"embeddable":true,"href":"https:\/\/radiowebmx.com\/nota\/wp-json\/wp\/v2\/comments?post=39211"}],"version-history":[{"count":1,"href":"https:\/\/radiowebmx.com\/nota\/wp-json\/wp\/v2\/posts\/39211\/revisions"}],"predecessor-version":[{"id":39213,"href":"https:\/\/radiowebmx.com\/nota\/wp-json\/wp\/v2\/posts\/39211\/revisions\/39213"}],"wp:featuredmedia":[{"embeddable":true,"href":"https:\/\/radiowebmx.com\/nota\/wp-json\/wp\/v2\/media\/39212"}],"wp:attachment":[{"href":"https:\/\/radiowebmx.com\/nota\/wp-json\/wp\/v2\/media?parent=39211"}],"wp:term":[{"taxonomy":"category","embeddable":true,"href":"https:\/\/radiowebmx.com\/nota\/wp-json\/wp\/v2\/categories?post=39211"},{"taxonomy":"post_tag","embeddable":true,"href":"https:\/\/radiowebmx.com\/nota\/wp-json\/wp\/v2\/tags?post=39211"}],"curies":[{"name":"wp","href":"https:\/\/api.w.org\/{rel}","templated":true}]}}