{"id":39207,"date":"2017-07-04T17:52:59","date_gmt":"2017-07-04T22:52:59","guid":{"rendered":"https:\/\/radiowebmx.com\/nota\/?p=39207"},"modified":"2017-07-05T10:32:58","modified_gmt":"2017-07-05T15:32:58","slug":"trabaja-alfonso-martinez-por-la-sana-nutricion-de-ninos-y-ninas-de-morelia","status":"publish","type":"post","link":"https:\/\/radiowebmx.com\/nota\/trabaja-alfonso-martinez-por-la-sana-nutricion-de-ninos-y-ninas-de-morelia\/","title":{"rendered":"Trabaja Alfonso Mart\u00ednez por la sana nutrici\u00f3n de ni\u00f1os y ni\u00f1as de Morelia"},"content":{"rendered":"<p>Para la Administraci\u00f3n que encabeza el Presidente Municipal de Morelia, Alfonso Mart\u00ednez Alc\u00e1zar, resulta un tema primordial el establecer acciones que garanticen el desarrollo f\u00edsico y mental del sector infantil, a trav\u00e9s de una sana alimentaci\u00f3n que les permita a los peque\u00f1os dar cauce a sus capacidades y aplicar los aprendizajes obtenidos a trav\u00e9s de su educaci\u00f3n.<br \/>\n<a href=\"https:\/\/radiowebmx.com\/nota\/wp-content\/uploads\/2017\/07\/846e0dfa-3082-497f-9e6f-0d081e41acdf.jpeg\"><img loading=\"lazy\" decoding=\"async\" class=\"alignnone size-medium wp-image-39209\" src=\"https:\/\/radiowebmx.com\/nota\/wp-content\/uploads\/2017\/07\/846e0dfa-3082-497f-9e6f-0d081e41acdf-595x446.jpeg\" alt=\"\" width=\"595\" height=\"446\" srcset=\"https:\/\/radiowebmx.com\/nota\/wp-content\/uploads\/2017\/07\/846e0dfa-3082-497f-9e6f-0d081e41acdf-595x446.jpeg 595w, https:\/\/radiowebmx.com\/nota\/wp-content\/uploads\/2017\/07\/846e0dfa-3082-497f-9e6f-0d081e41acdf.jpeg 709w\" sizes=\"auto, (max-width: 595px) 100vw, 595px\" \/><\/a><br \/>\nEn concordancia con esta pol\u00edtica, este martes el Jefe de la Comuna Moreliana, acompa\u00f1ado por la Presidenta Honoraria del Sistema DIF Morelia, Paola Delgadillo de Mart\u00ednez, realiz\u00f3 la entrega de 435 art\u00edculos para el equipamiento del comedor escolar del Jard\u00edn de Ni\u00f1os \u201cV\u00edctor Hugo\u201d, a manera de garantizar la sana nutrici\u00f3n de 130 ni\u00f1os, alumnos del mismo centro educativo.<\/p>\n<p>Acompa\u00f1ado adem\u00e1s por la Directora General del DIF Morelia, Melissa V\u00e1squez P\u00e9rez, el mun\u00edcipe refiri\u00f3 la importancia que tiene este tipo de equipamientos para los centros educativos, ya que a trav\u00e9s de ellos se logra unificar la alimentaci\u00f3n en los peque\u00f1os.<\/p>\n<p>Asimismo, reconoci\u00f3 que el alimento es uno de los derechos principales que tiene toda persona, y se mostr\u00f3 agradecido con el trabajo en conjunto realizado con los tres niveles de Gobierno, para el suministro de los art\u00edculos necesarios para la sana alimentaci\u00f3n a 83 instituciones educativas al momento.<\/p>\n<p>\u201cMe da mucho gusto que con estas acciones se beneficie a las familias morelianas que m\u00e1s lo necesitan, as\u00ed como tambi\u00e9n cuenten con gran calidad en el mobiliario, desde los art\u00edculos como mesas, sillas, hasta el equipamiento de la cocina, ya que con ellos podr\u00e1n preparar alimentos de calidad, ricos y nutritivos para estos peque\u00f1os, porque los ni\u00f1os tienen derecho a estudiar, a que cuenten con alimentos que abonen a su pleno desarrollo y nutrici\u00f3n, as\u00ed como a\u00a0 tener una infancia feliz y con sano esparcimiento\u201d, reiter\u00f3 Mart\u00ednez Alc\u00e1zar.<\/p>\n<p>Refiri\u00f3 que una vez alimentados los peque\u00f1os, estos podr\u00e1n estudiar de mejor manera, asimilando los conocimientos que se les imparten en las escuelas y concentrando sus esfuerzos en su desarrollo f\u00edsico y mental.<\/p>\n<p>Por su parte, Paola Delgadillo, reconoci\u00f3 el trabajo por parte del equipo DIF Morelia para dar continuidad a estos programas y agradeci\u00f3 tambi\u00e9n a todos aquellos involucrados en la oportunidad que desde hoy tendr\u00e1n 130 ni\u00f1os y ni\u00f1as beneficiados con el desayuno diario, pues afirm\u00f3: \u201cahora tendr\u00e1n la oportunidad de tener un desayuno completo, nutritivo y sano que les ayude a tener un mejor rendimiento escolar\u201d.<\/p>\n<p>Es importante destacar que con esta entrega se cumplen ya con 83 instituciones en el municipio que cuentan con el servicio de Desayunadores Escolares, contribuyendo a la seguridad alimentaria de la poblaci\u00f3n escolar mediante la entrega de desayunos fr\u00edos, calientes y comidas dise\u00f1adas con base a criterios de calidad y un plan de nutrici\u00f3n, que se complementan con servicios como la revisi\u00f3n de peso y talla de los peque\u00f1os dos veces al a\u00f1o.<\/p>\n","protected":false},"excerpt":{"rendered":"<p>Para la Administraci\u00f3n que encabeza el Presidente Municipal de Morelia, Alfonso Mart\u00ednez Alc\u00e1zar, resulta un tema primordial el establecer acciones que garanticen el desarrollo f\u00edsico y mental del sector infantil, a trav\u00e9s de una sana alimentaci\u00f3n que les permita a los peque\u00f1os dar cauce a sus capacidades y aplicar los aprendizajes obtenidos a trav\u00e9s de [&hellip;]<\/p>\n","protected":false},"author":2,"featured_media":39208,"comment_status":"closed","ping_status":"closed","sticky":false,"template":"","format":"standard","meta":{"footnotes":""},"categories":[14,60,9],"tags":[],"class_list":["post-39207","post","type-post","status-publish","format-standard","has-post-thumbnail","hentry","category-destacadas","category-michoacan","category-morelia"],"_links":{"self":[{"href":"https:\/\/radiowebmx.com\/nota\/wp-json\/wp\/v2\/posts\/39207","targetHints":{"allow":["GET"]}}],"collection":[{"href":"https:\/\/radiowebmx.com\/nota\/wp-json\/wp\/v2\/posts"}],"about":[{"href":"https:\/\/radiowebmx.com\/nota\/wp-json\/wp\/v2\/types\/post"}],"author":[{"embeddable":true,"href":"https:\/\/radiowebmx.com\/nota\/wp-json\/wp\/v2\/users\/2"}],"replies":[{"embeddable":true,"href":"https:\/\/radiowebmx.com\/nota\/wp-json\/wp\/v2\/comments?post=39207"}],"version-history":[{"count":1,"href":"https:\/\/radiowebmx.com\/nota\/wp-json\/wp\/v2\/posts\/39207\/revisions"}],"predecessor-version":[{"id":39210,"href":"https:\/\/radiowebmx.com\/nota\/wp-json\/wp\/v2\/posts\/39207\/revisions\/39210"}],"wp:featuredmedia":[{"embeddable":true,"href":"https:\/\/radiowebmx.com\/nota\/wp-json\/wp\/v2\/media\/39208"}],"wp:attachment":[{"href":"https:\/\/radiowebmx.com\/nota\/wp-json\/wp\/v2\/media?parent=39207"}],"wp:term":[{"taxonomy":"category","embeddable":true,"href":"https:\/\/radiowebmx.com\/nota\/wp-json\/wp\/v2\/categories?post=39207"},{"taxonomy":"post_tag","embeddable":true,"href":"https:\/\/radiowebmx.com\/nota\/wp-json\/wp\/v2\/tags?post=39207"}],"curies":[{"name":"wp","href":"https:\/\/api.w.org\/{rel}","templated":true}]}}