{"id":39199,"date":"2017-07-04T16:27:36","date_gmt":"2017-07-04T21:27:36","guid":{"rendered":"https:\/\/radiowebmx.com\/nota\/?p=39199"},"modified":"2017-07-05T10:25:56","modified_gmt":"2017-07-05T15:25:56","slug":"el-secretario-del-ayuntamiento-de-morelia-premia-a-ganadores-del-concurso-de-fotografia-mirando-mi-ciudad-2017","status":"publish","type":"post","link":"https:\/\/radiowebmx.com\/nota\/el-secretario-del-ayuntamiento-de-morelia-premia-a-ganadores-del-concurso-de-fotografia-mirando-mi-ciudad-2017\/","title":{"rendered":"El Secretario del Ayuntamiento de Morelia premia a ganadores del concurso de fotograf\u00eda &#8220;Mirando Mi Ciudad 2017&#8221;"},"content":{"rendered":"<ul>\n<li>736 fotograf\u00edas de 209 participantes fueron valoradas por expertos en la materia.<\/li>\n<\/ul>\n<p>&nbsp;<\/p>\n<ul>\n<li>El Concurso const\u00f3 de cuatro categor\u00edas: Paisaje Natural, Arquitectura, Fiestas y vida cotidiana y Rostros Morelianos.<\/li>\n<\/ul>\n<p>&nbsp;<\/p>\n<p>&nbsp;<\/p>\n<div>En la b\u00fasqueda de resaltar la cultura, arte, y turismo de la ciudad, el Ayuntamiento de Morelia, a trav\u00e9s del Archivo Hist\u00f3rico Municipal, realiz\u00f3 el concurso de fotograf\u00eda \u201cMirando Mi Ciudad 2017\u201d, en el cual se valoraron m\u00e1s de 700 fotograf\u00edas para hacer una selecci\u00f3n y exposici\u00f3n de poco m\u00e1s de 40 im\u00e1genes de los galardonados y menciones honor\u00edficas de esta actividad.<br \/>\n<a href=\"https:\/\/radiowebmx.com\/nota\/wp-content\/uploads\/2017\/07\/e9406e6d-bbab-4da4-95e9-9cf9d25e055b.jpg\"><img loading=\"lazy\" decoding=\"async\" class=\"alignnone size-medium wp-image-39201\" src=\"https:\/\/radiowebmx.com\/nota\/wp-content\/uploads\/2017\/07\/e9406e6d-bbab-4da4-95e9-9cf9d25e055b-595x394.jpg\" alt=\"\" width=\"595\" height=\"394\" srcset=\"https:\/\/radiowebmx.com\/nota\/wp-content\/uploads\/2017\/07\/e9406e6d-bbab-4da4-95e9-9cf9d25e055b-595x394.jpg 595w, https:\/\/radiowebmx.com\/nota\/wp-content\/uploads\/2017\/07\/e9406e6d-bbab-4da4-95e9-9cf9d25e055b.jpg 709w\" sizes=\"auto, (max-width: 595px) 100vw, 595px\" \/><\/a><br \/>\nEl Secretario del Ayuntamiento, Jes\u00fas \u00c1valos Plata, acompa\u00f1ado por el Presidente del Consejo de la Cr\u00f3nica de Morelia, Gabriel Silva Mandujano; integrantes de este mismo organismo, Cristina Bustamente y Jos\u00e9 Carlos Macouzet, asegur\u00f3 que para el Alcalde, Alfonso Mart\u00ednez Alc\u00e1zar, es de suma importancia que se difunda la belleza natural, arquitect\u00f3nica, tradiciones y costumbres que tiene la urbe de la Cantera Rosa, por lo que con este tipo de actividades se cumple este objetivo.<\/p>\n<p>El encargado de la pol\u00edtica interna en el municipio, record\u00f3 que este concurso fue abierto a la poblaci\u00f3n y pudo participar todo aquel que gusta de la fotograf\u00eda, desde los j\u00f3venes hasta adultos mayores.<\/p>\n<p>\u00c1valos Plata, afirm\u00f3 que \u201cla fotograf\u00eda trasciende sobre generaciones y trasciende lo que se vive, se plasma lo que siente el fot\u00f3grafo y as\u00ed logra compartirlo con los j\u00f3venes para que se valore el cuidado de los espacios de esta ciudad\u201d.<\/p>\n<p>Trajo a cuenta que esta acci\u00f3n es una muestra de este amor por Morelia, el cuidado de los inmuebles hist\u00f3ricos, del medio ambiente y las tradiciones que tiene la ciudad, las cuales, agreg\u00f3, se deben preservar y compartir con visitantes y habitantes.<\/p>\n<p>El Secretario del Ayuntamiento, Jes\u00fas \u00c1valos, adelant\u00f3 que se formar\u00e1 una memoria con estas fotograf\u00edas participantes y que el Archivo Hist\u00f3rico Municipal ser\u00e1 la sede para resguardarlas.<\/p>\n<p>Por su parte, el Presidente del Consejo de la Cr\u00f3nica de Morelia, Gabriel Silva Mandujano, adelant\u00f3 que uno de los objetivos del organismo municipal que representa es investigar, divulgar, conservar el acervo cultural del municipio de Morelia y que en este trabajo debe estar involucrada la sociedad de esta ciudad.<\/p>\n<p>Es importante mencionar que el jurado calificador estuvo integrado por Cronistas Fotogr\u00e1ficos del Consejo y como testigos el Presidente del mismo organismo y el Secretario del Ayuntamiento, adem\u00e1s de la Direcci\u00f3n de Comunicaci\u00f3n Social del municipio.<\/p>\n<p>Los galardonados en este concurso fueron: en la categor\u00eda Paisaje natural, Omar Mora Arroyo con \u201cSimetr\u00eda natural\u201d;\u00a0 en Arquitectura, Genaro Serv\u00edn Ledezma, \u201cLas torres y el sol\u201d; Fiestas y Vida Cotidiana, Ricardo Su\u00e1rez Ortega, \u201cEl vaiv\u00e9n\u201d; Rostros Morelianos, Alondra Monserrat C\u00e1zares Gonz\u00e1lez, \u201cFelicidad\u201d.<\/p>\n<p>A la par en las menciones honor\u00edficas estuvieron: Paisaje natural,\u00a0 Cesar Flores Correas con \u201cPe\u00f1a Azul\u201d y H\u00e9ctor Ruiz Cabrera, \u201cOculto entre las sombras\u201d; en Arquitectura, Rafael Magdaleno Castillo, \u201cEscaleras a lo divino\u201d, H\u00e9ctor Ismael Dur\u00e1n Robles, \u201cEntre ornamentos y canteras\u201d; Fiesta y vida cotidiana, \u00c1ngel Rafael Almarza Villalobos, \u201cLa procesi\u00f3n del silencio, versi\u00f3n 2.0\u201d, Cristian Eduardo Jara V\u00e1squez, \u201cSerenata de Mariachi al anochecer, el paisano\u201d; Rostros morelianos, \u00c1ngel Ascencio Ortega, \u201cBatalla sobre ruedas\u201d, V\u00edctor Eduardo Bibi\u00e1n Calder\u00f3n, \u201cHablando con la abuela\u201d.<\/p>\n<p>Posterior a la premiaci\u00f3n de los ganadores, se realiz\u00f3 un recorrido por la exposici\u00f3n montada en el Archivo Hist\u00f3rico Municipal y se coloc\u00f3 un distintivo a los ganadores, as\u00ed como las menciones honor\u00edficas. Cabe recordar que este concurso y el periodo para recibir este material visual se realiz\u00f3 del 26 mayo al 16 de junio del presente a\u00f1o.<\/p><\/div>\n","protected":false},"excerpt":{"rendered":"<p>736 fotograf\u00edas de 209 participantes fueron valoradas por expertos en la materia. &nbsp; El Concurso const\u00f3 de cuatro categor\u00edas: Paisaje Natural, Arquitectura, Fiestas y vida cotidiana y Rostros Morelianos. &nbsp; &nbsp; En la b\u00fasqueda de resaltar la cultura, arte, y turismo de la ciudad, el Ayuntamiento de Morelia, a trav\u00e9s del Archivo Hist\u00f3rico Municipal, realiz\u00f3 [&hellip;]<\/p>\n","protected":false},"author":2,"featured_media":39200,"comment_status":"closed","ping_status":"closed","sticky":false,"template":"","format":"standard","meta":{"footnotes":""},"categories":[14,60,9],"tags":[],"class_list":["post-39199","post","type-post","status-publish","format-standard","has-post-thumbnail","hentry","category-destacadas","category-michoacan","category-morelia"],"_links":{"self":[{"href":"https:\/\/radiowebmx.com\/nota\/wp-json\/wp\/v2\/posts\/39199","targetHints":{"allow":["GET"]}}],"collection":[{"href":"https:\/\/radiowebmx.com\/nota\/wp-json\/wp\/v2\/posts"}],"about":[{"href":"https:\/\/radiowebmx.com\/nota\/wp-json\/wp\/v2\/types\/post"}],"author":[{"embeddable":true,"href":"https:\/\/radiowebmx.com\/nota\/wp-json\/wp\/v2\/users\/2"}],"replies":[{"embeddable":true,"href":"https:\/\/radiowebmx.com\/nota\/wp-json\/wp\/v2\/comments?post=39199"}],"version-history":[{"count":1,"href":"https:\/\/radiowebmx.com\/nota\/wp-json\/wp\/v2\/posts\/39199\/revisions"}],"predecessor-version":[{"id":39202,"href":"https:\/\/radiowebmx.com\/nota\/wp-json\/wp\/v2\/posts\/39199\/revisions\/39202"}],"wp:featuredmedia":[{"embeddable":true,"href":"https:\/\/radiowebmx.com\/nota\/wp-json\/wp\/v2\/media\/39200"}],"wp:attachment":[{"href":"https:\/\/radiowebmx.com\/nota\/wp-json\/wp\/v2\/media?parent=39199"}],"wp:term":[{"taxonomy":"category","embeddable":true,"href":"https:\/\/radiowebmx.com\/nota\/wp-json\/wp\/v2\/categories?post=39199"},{"taxonomy":"post_tag","embeddable":true,"href":"https:\/\/radiowebmx.com\/nota\/wp-json\/wp\/v2\/tags?post=39199"}],"curies":[{"name":"wp","href":"https:\/\/api.w.org\/{rel}","templated":true}]}}