{"id":39193,"date":"2017-07-04T15:45:37","date_gmt":"2017-07-04T20:45:37","guid":{"rendered":"https:\/\/radiowebmx.com\/nota\/?p=39193"},"modified":"2017-07-05T10:19:30","modified_gmt":"2017-07-05T15:19:30","slug":"gobierno-de-michoacan-con-soporte-documental-para-solventar-observaciones-de-asf","status":"publish","type":"post","link":"https:\/\/radiowebmx.com\/nota\/gobierno-de-michoacan-con-soporte-documental-para-solventar-observaciones-de-asf\/","title":{"rendered":"Gobierno de Michoac\u00e1n, con soporte documental para solventar observaciones de ASF"},"content":{"rendered":"<ul>\n<li>Los resultados de la revisi\u00f3n a la Cuenta P\u00fablica 2016, en fase preliminar; no se han determinado desv\u00edos de recursos ni responsabilidades, puntualiza el titular de la SFA, Carlos Maldonado Mendoza.<\/li>\n<\/ul>\n<p><strong>Morelia, Michoac\u00e1n, a 4 de julio de 2017.-<\/strong>\u00a0Dentro del plazo de 30 d\u00edas h\u00e1biles y en pleno uso de su derecho de r\u00e9plica, atenci\u00f3n y fundamentaci\u00f3n que le otorga la Ley de Fiscalizaci\u00f3n y Rendici\u00f3n de Cuentas de la Federaci\u00f3n, el Gobierno del Estado entregar\u00e1 los soportes comprobatorios y la informaci\u00f3n correspondiente para aclarar y solventar las observaciones a la Cuenta P\u00fablica 2016 reportadas por la Auditor\u00eda Superior de la Federaci\u00f3n (ASF), inform\u00f3 el titular de la Secretar\u00eda de Finanzas y Administraci\u00f3n (SFA), Carlos Maldonado Mendoza.<\/p>\n<p>Puntualiz\u00f3 que dichas observaciones a\u00fan no han sido notificadas de manera formal al Gobierno del Estado, pues estos resultados reportados por la ASF se encuentran en fase preliminar.<\/p>\n<p>El proceso de fiscalizaci\u00f3n esta en fase preliminar y deliberativa , es decir para hablar de responsabilidad debe agotarse el procedimiento que la ley determine y cause la firmeza debida.<\/p>\n<p>Adem\u00e1s, dej\u00f3 en claro que no se ha determinado ning\u00fan tipo de desv\u00edo de recursos y, por ende, no se han determinado responsabilidades. \u201cSe tiene el firme compromiso de realizar las acciones conducentes para dejar cabalmente aclarados las circunstancias que dieron motivo a las observaciones en cuesti\u00f3n\u201d, subray\u00f3 el encargado de la pol\u00edtica financiera de la entidad.<\/p>\n<p>En este tenor, refrend\u00f3 el compromiso del Gobierno del Estado de conducirse en el uso y manejo de los recursos p\u00fablicos bajo el estricto apego a los valores de legalidad, honradez, eficiencia y transparencia que la ley demanda, por lo que en caso de que existan responsabilidades por parte de un servidor p\u00fablico derivado de su actuar, sin duda se actuar\u00e1 en consecuencia.<\/p>\n<p>Al margen de lo anterior, expuso que el Gobierno del Estado ha puesto en marcha reingenier\u00edas administrativas con el objetivo de contar con un mejor uso, manejo, control, trazabilidad y transparencia de los recursos p\u00fablicos, e indic\u00f3 que seguir\u00e1 realizando este tipo de acciones que permitan alcanzar mayores resultados en esta materia, y en lo sucesivo se evite incurrir en observaciones como \u00e9stas.<\/p>\n","protected":false},"excerpt":{"rendered":"<p>Los resultados de la revisi\u00f3n a la Cuenta P\u00fablica 2016, en fase preliminar; no se han determinado desv\u00edos de recursos ni responsabilidades, puntualiza el titular de la SFA, Carlos Maldonado Mendoza. Morelia, Michoac\u00e1n, a 4 de julio de 2017.-\u00a0Dentro del plazo de 30 d\u00edas h\u00e1biles y en pleno uso de su derecho de r\u00e9plica, atenci\u00f3n [&hellip;]<\/p>\n","protected":false},"author":2,"featured_media":0,"comment_status":"closed","ping_status":"closed","sticky":false,"template":"","format":"standard","meta":{"footnotes":""},"categories":[3,60],"tags":[],"class_list":["post-39193","post","type-post","status-publish","format-standard","hentry","category-gobierno-del-estado-de-michoacan","category-michoacan"],"_links":{"self":[{"href":"https:\/\/radiowebmx.com\/nota\/wp-json\/wp\/v2\/posts\/39193","targetHints":{"allow":["GET"]}}],"collection":[{"href":"https:\/\/radiowebmx.com\/nota\/wp-json\/wp\/v2\/posts"}],"about":[{"href":"https:\/\/radiowebmx.com\/nota\/wp-json\/wp\/v2\/types\/post"}],"author":[{"embeddable":true,"href":"https:\/\/radiowebmx.com\/nota\/wp-json\/wp\/v2\/users\/2"}],"replies":[{"embeddable":true,"href":"https:\/\/radiowebmx.com\/nota\/wp-json\/wp\/v2\/comments?post=39193"}],"version-history":[{"count":1,"href":"https:\/\/radiowebmx.com\/nota\/wp-json\/wp\/v2\/posts\/39193\/revisions"}],"predecessor-version":[{"id":39194,"href":"https:\/\/radiowebmx.com\/nota\/wp-json\/wp\/v2\/posts\/39193\/revisions\/39194"}],"wp:attachment":[{"href":"https:\/\/radiowebmx.com\/nota\/wp-json\/wp\/v2\/media?parent=39193"}],"wp:term":[{"taxonomy":"category","embeddable":true,"href":"https:\/\/radiowebmx.com\/nota\/wp-json\/wp\/v2\/categories?post=39193"},{"taxonomy":"post_tag","embeddable":true,"href":"https:\/\/radiowebmx.com\/nota\/wp-json\/wp\/v2\/tags?post=39193"}],"curies":[{"name":"wp","href":"https:\/\/api.w.org\/{rel}","templated":true}]}}