{"id":39181,"date":"2017-07-04T14:44:20","date_gmt":"2017-07-04T19:44:20","guid":{"rendered":"https:\/\/radiowebmx.com\/nota\/?p=39181"},"modified":"2017-07-04T15:01:00","modified_gmt":"2017-07-04T20:01:00","slug":"michoacan-sede-del-curso-taller-de-control-biologico-de-plagas-agricolas","status":"publish","type":"post","link":"https:\/\/radiowebmx.com\/nota\/michoacan-sede-del-curso-taller-de-control-biologico-de-plagas-agricolas\/","title":{"rendered":"Michoac\u00e1n, sede del Curso Taller de Control Biol\u00f3gico de Plagas Agr\u00edcolas"},"content":{"rendered":"<p><strong>Morelia, Michoac\u00e1n, a 4 de julio de 2017<\/strong>.- Michoac\u00e1n ser\u00e1 sede del Curso-Taller de Control Biol\u00f3gico de Plagas Agr\u00edcolas,\u00a0que se llevar\u00e1 a cabo en el Centro de Informaci\u00f3n, Arte y Cultura de la Universidad Michoacana de San Nicol\u00e1s de Hidalgo (UMSNH), del 12 al 13 de julio pr\u00f3ximo, anunci\u00f3 el titular de la Secretar\u00eda de Innovaci\u00f3n, Ciencia y Desarrollo Tecnol\u00f3gico (SICDET), Jos\u00e9 Luis Monta\u00f1ez Espinosa.<br \/>\n<a href=\"https:\/\/radiowebmx.com\/nota\/wp-content\/uploads\/2017\/07\/1f04a2fc-7f5f-4d8d-b75c-50f2303b6c2b.jpg\"><img loading=\"lazy\" decoding=\"async\" class=\"alignnone size-medium wp-image-39183\" src=\"https:\/\/radiowebmx.com\/nota\/wp-content\/uploads\/2017\/07\/1f04a2fc-7f5f-4d8d-b75c-50f2303b6c2b-595x384.jpg\" alt=\"\" width=\"595\" height=\"384\" srcset=\"https:\/\/radiowebmx.com\/nota\/wp-content\/uploads\/2017\/07\/1f04a2fc-7f5f-4d8d-b75c-50f2303b6c2b-595x384.jpg 595w, https:\/\/radiowebmx.com\/nota\/wp-content\/uploads\/2017\/07\/1f04a2fc-7f5f-4d8d-b75c-50f2303b6c2b.jpg 709w\" sizes=\"auto, (max-width: 595px) 100vw, 595px\" \/><\/a><br \/>\nEn conferencia de prensa, inform\u00f3 que este evento es organizado por la Sociedad Mexicana de Fitosanidad A. C. y el Cuerpo Acad\u00e9mico Consolidado Entomolog\u00eda Agr\u00edcola, en el marco del Centenario la UMSNH y del 22\u00ba aniversario del Instituto de Investigaciones Agr\u00edcolas y Forestales. Se espera la asistencia de profesionistas, estudiantes de licenciatura y posgrado, y productores agr\u00edcolas provenientes de diversos estados de la Rep\u00fablica. Los ponentes provienen de 11 instituciones de ense\u00f1anza e investigaci\u00f3n, as\u00ed como instituciones privadas.<\/p>\n<p>El Curso-Taller de Control Biol\u00f3gico de Plagas Agr\u00edcolas\u00a0se ofrece como una alternativa al uso de plaguicidas qu\u00edmicos y tiene como objetivos brindar un panorama general de las bases del control biol\u00f3gico de insectos plaga en la agricultura, dar a conocer casos de \u00e9xito en el control biol\u00f3gico en M\u00e9xico y difundir la investigaci\u00f3n relacionada con el uso de agentes de control biol\u00f3gico de plagas de importancia agr\u00edcola.<\/p>\n<p>Los organizadores planean la presentaci\u00f3n de 23 ponencias orales, en las tem\u00e1ticas de generalidades del control biol\u00f3gico, atributos y tipos de enemigos naturales, manejo integrado de plagas, m\u00edridos depredadores en M\u00e9xico, manejo del pulg\u00f3n amarillo, control biol\u00f3gico de ps\u00edlidos, mosca de la fruta, control biol\u00f3gico en invernaderos y uso de agentes entomopat\u00f3genos.<\/p>\n<p>Samuel Pineda Guillermo, director del Instituto de Investigaciones Agropecuarias y Forestales,\u00a0destac\u00f3 que Michoac\u00e1n ocupa los primeros lugares en el valor de la producci\u00f3n agr\u00edcola, sobresaliendo la producci\u00f3n de aguacate, zarzamora, lim\u00f3n, granos b\u00e1sicos y hortalizas. La intensificaci\u00f3n de estos cultivos conlleva al uso de agroqu\u00edmicos, propiciando el desarrollo de la resistencia de plagas, impacto negativo a la biodiversidad, contaminaci\u00f3n del ambiente y afectaci\u00f3n de la salud humana.<\/p>\n<p>Por lo anterior, es necesario que los interesados conozcan\u00a0estrategias de manejo sustentable que ayuden a minimizar el impacto adverso por el abuso de agroqu\u00edmicos sint\u00e9ticos, indic\u00f3.<\/p>\n<p>Para solicitar informaci\u00f3n sobre el Curso-Taller de Control Biol\u00f3gico de Plagas Agr\u00edcolas es posible escribir a los correos electr\u00f3nicos\u00a0<a href=\"mailto:somef_ac@hotmail.com\" target=\"_blank\" rel=\"noopener noreferrer\">somef_ac@hotmail.com<\/a>\u00a0y dirigirse a la Sociedad Mexicana de Fitosanidad; llamar al Instituto de Investigaciones Agropecuarias y Forestales al tel\u00e9fono (443) 3 22 35 00, extensiones 5218, 5207, 5209 y 5210; o visitar la p\u00e1gina electr\u00f3nica\u00a0<a href=\"http:\/\/gob.us11.list-manage.com\/track\/click?u=c3679d81029880892ab85d106&amp;id=1755bd277c&amp;e=c908f73b11\" target=\"_blank\" rel=\"noopener noreferrer\">http:\/\/somef.revimexfito.com.mx\/eventos.html<\/a>,\u00a0<a href=\"http:\/\/gob.us11.list-manage.com\/track\/click?u=c3679d81029880892ab85d106&amp;id=bd29254c52&amp;e=c908f73b11\" target=\"_blank\" rel=\"noopener noreferrer\">http:\/\/www.umich.mx\/<\/a>\u00a0y<a href=\"http:\/\/gob.us11.list-manage.com\/track\/click?u=c3679d81029880892ab85d106&amp;id=f499dbd476&amp;e=c908f73b11\" target=\"_blank\" rel=\"noopener noreferrer\">https:\/\/cic.umich.mx\/<\/a>.<\/p>\n","protected":false},"excerpt":{"rendered":"<p>Morelia, Michoac\u00e1n, a 4 de julio de 2017.- Michoac\u00e1n ser\u00e1 sede del Curso-Taller de Control Biol\u00f3gico de Plagas Agr\u00edcolas,\u00a0que se llevar\u00e1 a cabo en el Centro de Informaci\u00f3n, Arte y Cultura de la Universidad Michoacana de San Nicol\u00e1s de Hidalgo (UMSNH), del 12 al 13 de julio pr\u00f3ximo, anunci\u00f3 el titular de la Secretar\u00eda de [&hellip;]<\/p>\n","protected":false},"author":2,"featured_media":39182,"comment_status":"closed","ping_status":"closed","sticky":false,"template":"","format":"standard","meta":{"footnotes":""},"categories":[14,3,60],"tags":[],"class_list":["post-39181","post","type-post","status-publish","format-standard","has-post-thumbnail","hentry","category-destacadas","category-gobierno-del-estado-de-michoacan","category-michoacan"],"_links":{"self":[{"href":"https:\/\/radiowebmx.com\/nota\/wp-json\/wp\/v2\/posts\/39181","targetHints":{"allow":["GET"]}}],"collection":[{"href":"https:\/\/radiowebmx.com\/nota\/wp-json\/wp\/v2\/posts"}],"about":[{"href":"https:\/\/radiowebmx.com\/nota\/wp-json\/wp\/v2\/types\/post"}],"author":[{"embeddable":true,"href":"https:\/\/radiowebmx.com\/nota\/wp-json\/wp\/v2\/users\/2"}],"replies":[{"embeddable":true,"href":"https:\/\/radiowebmx.com\/nota\/wp-json\/wp\/v2\/comments?post=39181"}],"version-history":[{"count":1,"href":"https:\/\/radiowebmx.com\/nota\/wp-json\/wp\/v2\/posts\/39181\/revisions"}],"predecessor-version":[{"id":39184,"href":"https:\/\/radiowebmx.com\/nota\/wp-json\/wp\/v2\/posts\/39181\/revisions\/39184"}],"wp:featuredmedia":[{"embeddable":true,"href":"https:\/\/radiowebmx.com\/nota\/wp-json\/wp\/v2\/media\/39182"}],"wp:attachment":[{"href":"https:\/\/radiowebmx.com\/nota\/wp-json\/wp\/v2\/media?parent=39181"}],"wp:term":[{"taxonomy":"category","embeddable":true,"href":"https:\/\/radiowebmx.com\/nota\/wp-json\/wp\/v2\/categories?post=39181"},{"taxonomy":"post_tag","embeddable":true,"href":"https:\/\/radiowebmx.com\/nota\/wp-json\/wp\/v2\/tags?post=39181"}],"curies":[{"name":"wp","href":"https:\/\/api.w.org\/{rel}","templated":true}]}}