{"id":39173,"date":"2017-07-04T14:12:22","date_gmt":"2017-07-04T19:12:22","guid":{"rendered":"https:\/\/radiowebmx.com\/nota\/?p=39173"},"modified":"2017-07-04T14:56:10","modified_gmt":"2017-07-04T19:56:10","slug":"seran-plantados-mas-de-20-millones-de-arbolitos-en-michoacan-anuncia-cofom","status":"publish","type":"post","link":"https:\/\/radiowebmx.com\/nota\/seran-plantados-mas-de-20-millones-de-arbolitos-en-michoacan-anuncia-cofom\/","title":{"rendered":"Ser\u00e1n plantados m\u00e1s de 20 millones de arbolitos en Michoac\u00e1n, anuncia Cofom"},"content":{"rendered":"<ul>\n<li>Se prev\u00e9 que la Temporada de Reforestaci\u00f3n 2017 inicie el pr\u00f3ximo 13 de julio en la capital michoacana, anticipa el titular de la dependencia, Roberto P\u00e9rez Medrano.<\/li>\n<\/ul>\n<div><\/div>\n<ul>\n<li>La Reserva de la Mariposa Monarca, la Meseta Pur\u00e9pecha y bosques afectados por incendios forestales y cambio ilegal de uso de suelo, zonas prioritarias.<\/li>\n<\/ul>\n<p><strong>Morelia, Michoac\u00e1n, a 4 de julio de 2017.<\/strong>&#8211; El director general de la Comisi\u00f3n Forestal del Estado de Michoac\u00e1n (Cofom), Roberto P\u00e9rez Medrano, destac\u00f3 que est\u00e1 lista la estrategia para poner en marcha la Campa\u00f1a Estatal de Reforestaci\u00f3n 2017, que contempla la plantaci\u00f3n de m\u00e1s de 20 millones de arbolitos de diferentes especies, principalmente de clima templado fr\u00edo y tropicales.<\/p>\n<figure id=\"attachment_39175\" aria-describedby=\"caption-attachment-39175\" style=\"width: 595px\" class=\"wp-caption alignnone\"><a href=\"https:\/\/radiowebmx.com\/nota\/wp-content\/uploads\/2017\/07\/e934c59f-8e16-4ef8-92a6-6a99fc4fdf1e.jpg\"><img loading=\"lazy\" decoding=\"async\" class=\"size-medium wp-image-39175\" src=\"https:\/\/radiowebmx.com\/nota\/wp-content\/uploads\/2017\/07\/e934c59f-8e16-4ef8-92a6-6a99fc4fdf1e-595x446.jpg\" alt=\"\" width=\"595\" height=\"446\" srcset=\"https:\/\/radiowebmx.com\/nota\/wp-content\/uploads\/2017\/07\/e934c59f-8e16-4ef8-92a6-6a99fc4fdf1e-595x446.jpg 595w, https:\/\/radiowebmx.com\/nota\/wp-content\/uploads\/2017\/07\/e934c59f-8e16-4ef8-92a6-6a99fc4fdf1e.jpg 709w\" sizes=\"auto, (max-width: 595px) 100vw, 595px\" \/><\/a><figcaption id=\"caption-attachment-39175\" class=\"wp-caption-text\">SAMSUNG CAMERA PICTURES<\/figcaption><\/figure>\n<p>Refiri\u00f3 que de manera coordinada, los Gobiernos Estatal y Federal, a trav\u00e9s de la Cofom y de la gerencia estatal de la Comisi\u00f3n Nacional Forestal (Conafor), han ubicado y determinado las zonas a trabajar, afectadas por la degradaci\u00f3n ocasionada por los incendios forestales y el cambio ilegal de uso de suelo.<\/p>\n<p>Detall\u00f3 que las zonas o \u00e1reas prioritarias en donde se incidir\u00e1 para las plantaciones son la Reserva de la Mariposa Monarca o la Meseta Pur\u00e9pecha, y aquellos lugares afectados por los incendios forestales, en donde adem\u00e1s se instrumentar\u00e1 un Plan Integral de Restauraci\u00f3n.<\/p>\n<p>El funcionario estatal destac\u00f3 que en esta noble tarea de conservar los bosques michoacanos, sumar\u00e1n esfuerzos los tres \u00f3rdenes de gobierno, asociaciones de productores, ejidos, comunidades y ciudadanos en general.<\/p>\n<p>P\u00e9rez Medrano coment\u00f3 que los arbolitos para la reforestaci\u00f3n son producidos por la Cofom en convenio con la Conafor en 23 viveros de Michoac\u00e1n, destacando dos m\u00f3dulos de alta productividad.<\/p>\n<p>Inform\u00f3 que entre otras especies que ser\u00e1n plantadas destacan frijolillo, rosa morada, pino blanco, oyamel y lucaena.<\/p>\n<p>Por \u00faltimo, indic\u00f3 que est\u00e1 previsto que la Temporada de Reforestaci\u00f3n 2017 arranque en Morelia en un evento programado para el pr\u00f3ximo 13 de julio.<\/p>\n","protected":false},"excerpt":{"rendered":"<p>Se prev\u00e9 que la Temporada de Reforestaci\u00f3n 2017 inicie el pr\u00f3ximo 13 de julio en la capital michoacana, anticipa el titular de la dependencia, Roberto P\u00e9rez Medrano. La Reserva de la Mariposa Monarca, la Meseta Pur\u00e9pecha y bosques afectados por incendios forestales y cambio ilegal de uso de suelo, zonas prioritarias. Morelia, Michoac\u00e1n, a 4 [&hellip;]<\/p>\n","protected":false},"author":2,"featured_media":39174,"comment_status":"closed","ping_status":"closed","sticky":false,"template":"","format":"standard","meta":{"footnotes":""},"categories":[14,3,60],"tags":[],"class_list":["post-39173","post","type-post","status-publish","format-standard","has-post-thumbnail","hentry","category-destacadas","category-gobierno-del-estado-de-michoacan","category-michoacan"],"_links":{"self":[{"href":"https:\/\/radiowebmx.com\/nota\/wp-json\/wp\/v2\/posts\/39173","targetHints":{"allow":["GET"]}}],"collection":[{"href":"https:\/\/radiowebmx.com\/nota\/wp-json\/wp\/v2\/posts"}],"about":[{"href":"https:\/\/radiowebmx.com\/nota\/wp-json\/wp\/v2\/types\/post"}],"author":[{"embeddable":true,"href":"https:\/\/radiowebmx.com\/nota\/wp-json\/wp\/v2\/users\/2"}],"replies":[{"embeddable":true,"href":"https:\/\/radiowebmx.com\/nota\/wp-json\/wp\/v2\/comments?post=39173"}],"version-history":[{"count":1,"href":"https:\/\/radiowebmx.com\/nota\/wp-json\/wp\/v2\/posts\/39173\/revisions"}],"predecessor-version":[{"id":39176,"href":"https:\/\/radiowebmx.com\/nota\/wp-json\/wp\/v2\/posts\/39173\/revisions\/39176"}],"wp:featuredmedia":[{"embeddable":true,"href":"https:\/\/radiowebmx.com\/nota\/wp-json\/wp\/v2\/media\/39174"}],"wp:attachment":[{"href":"https:\/\/radiowebmx.com\/nota\/wp-json\/wp\/v2\/media?parent=39173"}],"wp:term":[{"taxonomy":"category","embeddable":true,"href":"https:\/\/radiowebmx.com\/nota\/wp-json\/wp\/v2\/categories?post=39173"},{"taxonomy":"post_tag","embeddable":true,"href":"https:\/\/radiowebmx.com\/nota\/wp-json\/wp\/v2\/tags?post=39173"}],"curies":[{"name":"wp","href":"https:\/\/api.w.org\/{rel}","templated":true}]}}