{"id":39167,"date":"2017-07-04T14:25:46","date_gmt":"2017-07-04T19:25:46","guid":{"rendered":"https:\/\/radiowebmx.com\/nota\/?p=39167"},"modified":"2017-07-04T14:25:46","modified_gmt":"2017-07-04T19:25:46","slug":"propondra-andrea-villanueva-la-creacion-del-distintivo-incluyente-en-michoacan","status":"publish","type":"post","link":"https:\/\/radiowebmx.com\/nota\/propondra-andrea-villanueva-la-creacion-del-distintivo-incluyente-en-michoacan\/","title":{"rendered":"Propondr\u00e1 Andrea Villanueva la creaci\u00f3n del distintivo incluyente en Michoac\u00e1n"},"content":{"rendered":"<p>  La tambi\u00e9n integrante de la Comisi\u00f3n de Derechos Humanos, reconoci\u00f3 que con esta iniciativa busca fomentar la inclusi\u00f3n, equidad e igualdad de oportunidades y de trato para todos los michoacanos<\/p>\n<p>Morelia; Michoac\u00e1n, 04 de julio de 2017.-   Tras reconocer que Michoac\u00e1n padece niveles de discriminaci\u00f3n importantes y que resulta urgente su erradicaci\u00f3n de nuestra convivencia social, la diputada integrante de la Comisi\u00f3n de Derechos Humanos, Andrea Villanueva Cano, propondr\u00e1 este mi\u00e9rcoles en sesi\u00f3n del Congreso local, la creaci\u00f3n del Distintivo Incluyente, a fin de que las empresas del estado se sumen a este esfuerzo por consolidar entornos mucho m\u00e1s incluyentes y con las mismas oportunidades para todos.<\/p>\n<p>Al respecto, la legisladora por Morelia explic\u00f3 que su inter\u00e9s principal es generar un ambiente tolerante y accesible para todos los michoacanos, por lo que la creaci\u00f3n del Distintivo Incluyente, pretende que todos los centros laborales implementen pol\u00edticas organizacionales libres de discriminaci\u00f3n, fomentando la inclusi\u00f3n, equidad e igualdad de oportunidades y de trato, generando ambientes libres de violencia.<\/p>\n<p>\u201cCon la obtenci\u00f3n de este Distintivo, las empresas estatales y municipales,  tendr\u00e1n acceso a una serie de est\u00edmulos econ\u00f3micos y a gestiones por parte de la Secretar\u00eda de Desarrollo Econ\u00f3mico ante las autoridades federales, estatales y municipales, las cuales servir\u00e1n de impulso para generar espacios de convivencia \u00f3ptimos dentro y fuera de las mismas\u201d, indic\u00f3 la representante popular.<\/p>\n<p>Cabe se\u00f1alar que en la iniciativa, se propone que para la revalidaci\u00f3n autom\u00e1tica del Distintivo, las empresas deber\u00e1n acreditar por lo menos una capacitaci\u00f3n de actualizaci\u00f3n en materia de igualdad e inclusi\u00f3n; aprobar inspecciones semestrales realizadas por visitadores regionales o auxiliares de la Comisi\u00f3n Estatal de Derechos Humanos, as\u00ed como las inspecciones semestrales de infraestructura que realicen los ayuntamientos respectivos.<\/p>\n<p>De entre los est\u00edmulos a los que podr\u00e1n acceder las empresas, destacan apoyos  econ\u00f3micos que les permitan realizar ajustes adicionales para brindar mayor accesibilidad de las personas a sus negocios; prerrogativas para su participaci\u00f3n dentro de las ferias nacionales e internacionales; facilidades para la tramitaci\u00f3n de su licencia de funcionamiento ante las instancias municipales, as\u00ed como su inclusi\u00f3n en el Cat\u00e1logo de Empresas Regionales Incluyentes de la Secretar\u00eda de Turismo.<\/p>\n<p>A manera de conclusi\u00f3n, Villanueva Cano asegur\u00f3 que la mejor manera de combatir la discriminaci\u00f3n, adem\u00e1s de la educaci\u00f3n es con inclusi\u00f3n, lo que permitir\u00e1 reconstruir el tejido social en la entidad y brindarle a los michoacanos un acceso igualitario a los servicios, derechos, libertades y facilidades b\u00e1sicas para su desarrollo.<\/p>\n","protected":false},"excerpt":{"rendered":"<p>La tambi\u00e9n integrante de la Comisi\u00f3n de Derechos Humanos, reconoci\u00f3 que con esta iniciativa busca fomentar la inclusi\u00f3n, equidad e igualdad de oportunidades y de trato para todos los michoacanos Morelia; Michoac\u00e1n, 04 de julio de 2017.- Tras reconocer que Michoac\u00e1n padece niveles de discriminaci\u00f3n importantes y que resulta urgente su erradicaci\u00f3n de nuestra convivencia [&hellip;]<\/p>\n","protected":false},"author":2,"featured_media":39168,"comment_status":"closed","ping_status":"closed","sticky":false,"template":"","format":"standard","meta":{"footnotes":""},"categories":[6,14,8],"tags":[],"class_list":["post-39167","post","type-post","status-publish","format-standard","has-post-thumbnail","hentry","category-congreso-del-estado","category-destacadas","category-grupo-parlamentario-del-pan"],"_links":{"self":[{"href":"https:\/\/radiowebmx.com\/nota\/wp-json\/wp\/v2\/posts\/39167","targetHints":{"allow":["GET"]}}],"collection":[{"href":"https:\/\/radiowebmx.com\/nota\/wp-json\/wp\/v2\/posts"}],"about":[{"href":"https:\/\/radiowebmx.com\/nota\/wp-json\/wp\/v2\/types\/post"}],"author":[{"embeddable":true,"href":"https:\/\/radiowebmx.com\/nota\/wp-json\/wp\/v2\/users\/2"}],"replies":[{"embeddable":true,"href":"https:\/\/radiowebmx.com\/nota\/wp-json\/wp\/v2\/comments?post=39167"}],"version-history":[{"count":1,"href":"https:\/\/radiowebmx.com\/nota\/wp-json\/wp\/v2\/posts\/39167\/revisions"}],"predecessor-version":[{"id":39169,"href":"https:\/\/radiowebmx.com\/nota\/wp-json\/wp\/v2\/posts\/39167\/revisions\/39169"}],"wp:featuredmedia":[{"embeddable":true,"href":"https:\/\/radiowebmx.com\/nota\/wp-json\/wp\/v2\/media\/39168"}],"wp:attachment":[{"href":"https:\/\/radiowebmx.com\/nota\/wp-json\/wp\/v2\/media?parent=39167"}],"wp:term":[{"taxonomy":"category","embeddable":true,"href":"https:\/\/radiowebmx.com\/nota\/wp-json\/wp\/v2\/categories?post=39167"},{"taxonomy":"post_tag","embeddable":true,"href":"https:\/\/radiowebmx.com\/nota\/wp-json\/wp\/v2\/tags?post=39167"}],"curies":[{"name":"wp","href":"https:\/\/api.w.org\/{rel}","templated":true}]}}