{"id":39164,"date":"2017-07-04T14:01:29","date_gmt":"2017-07-04T19:01:29","guid":{"rendered":"https:\/\/radiowebmx.com\/nota\/?p=39164"},"modified":"2017-07-04T14:01:29","modified_gmt":"2017-07-04T19:01:29","slug":"el-ejecutivo-debe-asumir-la-realidad-en-materia-de-deuda-adriana-hernandez","status":"publish","type":"post","link":"https:\/\/radiowebmx.com\/nota\/el-ejecutivo-debe-asumir-la-realidad-en-materia-de-deuda-adriana-hernandez\/","title":{"rendered":"El Ejecutivo debe asumir la realidad en materia de deuda: Adriana Hern\u00e1ndez"},"content":{"rendered":"<p>  Es urgente que el Ejecutivo del Estado concluya con el proceso de reestructura y busque las mejores condiciones para que \u00e9sta se d\u00e9<\/p>\n<p>Morelia; Michoac\u00e1n, 04 de julio de 2017.-   Maquillar las cifras reales de la deuda p\u00fablica del estado no tiene raz\u00f3n de ser al tratarse de un tema p\u00fablico, sino que por el contrario, \u201clo que tiene que hacer el Ejecutivo es asumir la realidad que Michoac\u00e1n tiene, es decir, asumir el tama\u00f1o del problema para buscar las soluciones reales y correctas y no soluciones parciales que solamente agravan la situaci\u00f3n\u201d, afirm\u00f3 la diputada Adriana Hern\u00e1ndez.<\/p>\n<p>\u201cEs urgente que el Ejecutivo del Estado concluya con el proceso de reestructura y busque las mejores condiciones para que \u00e9sta se d\u00e9\u201d, sentenci\u00f3 la presidente de la Junta de Coordinaci\u00f3n Pol\u00edtica del Congreso del Estado, quien record\u00f3 que este tema no disminuir\u00e1 la deuda, pero permitir\u00e1 la operatividad para que la entidad no sufra una par\u00e1lisis financiera, econ\u00f3mica y social.<\/p>\n<p>La tambi\u00e9n coordinadora del Grupo Parlamentario del PRI agreg\u00f3 que es necesario que el gobierno estatal, de manera seria y responsable, logre una verdadera disminuci\u00f3n del gasto, tomando en cuenta y valorando la situaci\u00f3n econ\u00f3mica que pueda vivir el pa\u00eds en 2018.<\/p>\n<p>Y es que record\u00f3 que la entidad ha logrado salir adelante con el apoyo del Gobierno Federal y aun as\u00ed existen varios programas que est\u00e1n parados por la falta de recurso estatal.  \u201cVeo un panorama complicado, con programas paralizados o que no han podido salir adelante porque no hay recursos, y a pesar de eso, en los lugares donde se hacen giras siguen comprometi\u00e9ndose a muchas cosas y no hay dinero para ejecutar\u201d, agreg\u00f3.<\/p>\n<p>Dej\u00f3 en claro que el tema de la reestructura es preocupante porque a la fecha no se sabe si existe alg\u00fan tr\u00e1mite o avance real. En ese sentido, la diputada por el distrito de La Piedad consider\u00f3 que es un buen momento para tomar con seriedad y m\u00e1s fuerza el tema de la auditor\u00eda externa.<\/p>\n<p>\u201cEs una responsabilidad que tiene Gobierno del Estado de buscar el fondo de este endeudamiento que no se dio ni en uno ni en dos a\u00f1os; creo que es fundamental que sepamos la deuda que dejaron los gobiernos de Leonel Godoy y de C\u00e1rdenas Batel\u201d, dijo.<\/p>\n<p>Finalmente resalt\u00f3 que no se le puede decir a los diputados pri\u00edstas que no han cumplido con su responsabilidad, ya que el grupo parlamentario tricolor ha tomado decisiones que tal vez otra oposici\u00f3n no hubiera tomado; sin embargo, siempre se ha actuado con responsabilidad.<\/p>\n<p>\u201cHicimos cambios que permitir\u00e1n que no se endeude m\u00e1s al estado, pero hoy s\u00ed es responsabilidad del Ejecutivo del Estado el apresurar este proceso de restructuraci\u00f3n, aunque no soluciona la deuda, no soluciona el problema real que Michoac\u00e1n tiene\u201d, concluy\u00f3.<\/p>\n","protected":false},"excerpt":{"rendered":"<p>Es urgente que el Ejecutivo del Estado concluya con el proceso de reestructura y busque las mejores condiciones para que \u00e9sta se d\u00e9 Morelia; Michoac\u00e1n, 04 de julio de 2017.- Maquillar las cifras reales de la deuda p\u00fablica del estado no tiene raz\u00f3n de ser al tratarse de un tema p\u00fablico, sino que por el [&hellip;]<\/p>\n","protected":false},"author":2,"featured_media":39165,"comment_status":"closed","ping_status":"closed","sticky":false,"template":"","format":"standard","meta":{"footnotes":""},"categories":[6,14,7],"tags":[],"class_list":["post-39164","post","type-post","status-publish","format-standard","has-post-thumbnail","hentry","category-congreso-del-estado","category-destacadas","category-grupo-parlamentario-del-pri"],"_links":{"self":[{"href":"https:\/\/radiowebmx.com\/nota\/wp-json\/wp\/v2\/posts\/39164","targetHints":{"allow":["GET"]}}],"collection":[{"href":"https:\/\/radiowebmx.com\/nota\/wp-json\/wp\/v2\/posts"}],"about":[{"href":"https:\/\/radiowebmx.com\/nota\/wp-json\/wp\/v2\/types\/post"}],"author":[{"embeddable":true,"href":"https:\/\/radiowebmx.com\/nota\/wp-json\/wp\/v2\/users\/2"}],"replies":[{"embeddable":true,"href":"https:\/\/radiowebmx.com\/nota\/wp-json\/wp\/v2\/comments?post=39164"}],"version-history":[{"count":1,"href":"https:\/\/radiowebmx.com\/nota\/wp-json\/wp\/v2\/posts\/39164\/revisions"}],"predecessor-version":[{"id":39166,"href":"https:\/\/radiowebmx.com\/nota\/wp-json\/wp\/v2\/posts\/39164\/revisions\/39166"}],"wp:featuredmedia":[{"embeddable":true,"href":"https:\/\/radiowebmx.com\/nota\/wp-json\/wp\/v2\/media\/39165"}],"wp:attachment":[{"href":"https:\/\/radiowebmx.com\/nota\/wp-json\/wp\/v2\/media?parent=39164"}],"wp:term":[{"taxonomy":"category","embeddable":true,"href":"https:\/\/radiowebmx.com\/nota\/wp-json\/wp\/v2\/categories?post=39164"},{"taxonomy":"post_tag","embeddable":true,"href":"https:\/\/radiowebmx.com\/nota\/wp-json\/wp\/v2\/tags?post=39164"}],"curies":[{"name":"wp","href":"https:\/\/api.w.org\/{rel}","templated":true}]}}