{"id":39153,"date":"2017-07-04T12:55:18","date_gmt":"2017-07-04T17:55:18","guid":{"rendered":"https:\/\/radiowebmx.com\/nota\/?p=39153"},"modified":"2017-07-04T13:25:13","modified_gmt":"2017-07-04T18:25:13","slug":"politica-comision-del-deporte-instalara-en-sede-legislativa-bicipuertos-wilfrido-lazaro-medina","status":"publish","type":"post","link":"https:\/\/radiowebmx.com\/nota\/politica-comision-del-deporte-instalara-en-sede-legislativa-bicipuertos-wilfrido-lazaro-medina\/","title":{"rendered":"Pol\u00edtica Comisi\u00f3n del deporte instalar\u00e1 en sede legislativa, bicipuertos: Wilfrido L\u00e1zaro Medina"},"content":{"rendered":"<p> Es fundamental incentivar el uso de la bicicleta, el gobierno estatal y los ayuntamientos, deben generar medidas orientadas promover una movilidad urbana sustentable. <\/p>\n<p>Martes 4 de Julio de 2017. Morelia, Michoac\u00e1n.- La promoci\u00f3n del deporte y una vida sana a trav\u00e9s del uso de la bicicleta, es hoy una prioridad en la agenda de la comisi\u00f3n de Juventud y Deporte en el Congreso del Estado, que cumpli\u00f3 con todos los requisitos legales y arquitect\u00f3nicos para que en la sede legislativa se instales los bicipuertos, inform\u00f3 el diputado del PRI, Wilfrido L\u00e1zaro Medina integrante de esta comisi\u00f3n.<\/p>\n<p>Agreg\u00f3 que los bicipuertos conocidos tambi\u00e9n como ciclo puertos o anclajes para bicis, sirven de estacionamiento para las bicicletas y representan un espacio seguro para el resguardo de uno de los medios de transporte urbanos no contaminantes y ecol\u00f3gicos, por lo que se debe caminar en esta ciudad capital, y en otras ciudades del estado, hacia el uso de este medio de transporte. <\/p>\n<p>El diputado tricolor, se\u00f1al\u00f3 que el uso de las bicicletas, ayuda a la reducci\u00f3n de contaminantes, el ahorro energ\u00e9tico del coche, as\u00ed como el control del tr\u00e1fico, pero adem\u00e1s contribuye a dar pasos hacia la generaci\u00f3n de una pol\u00edtica p\u00fablica.  Sostuvo que es fundamental incentivar que la gente camine o utilice la bicicleta, pero el gobierno estatal y los ayuntamientos, deben generar medidas orientadas a acercar y facilitar el acceso a este tipo de infraestructura y promover el uso efectivo de este medio de transporte, entre los ciudadanos. <\/p>\n<p>El diputado tricolor, se\u00f1al\u00f3 que el uso de las bicicletas, ayuda a la reducci\u00f3n de contaminantes, el ahorro energ\u00e9tico del coche, as\u00ed como el control del tr\u00e1fico, pero adem\u00e1s contribuye a dar pasos hacia la generaci\u00f3n de una pol\u00edtica p\u00fablica que debe responder a las necesidades de los ciudadanos, como es el acceso a la informaci\u00f3n vial, la promoci\u00f3n de sus derechos como usuarios de transporte p\u00fabico, la creaci\u00f3n de zonas ecol\u00f3gicas y la promoci\u00f3n de la movilidad sustentable. <\/p>\n<p>El diputado mencion\u00f3 que en los \u00faltimos a\u00f1os ha crecido en Michoac\u00e1n el n\u00famero de unidades vehiculares, datos de la Asociaci\u00f3n Bicivil\u00edzate Michoac\u00e1n, de acuerdo con el cuarto informe nacional de Consejo Nacional para la Prevenci\u00f3n de Accidentes (CONAPRA) se muestra una tasa de motorizaci\u00f3n de 459 por cada mil habitantes, lo que representa un crecimiento del 9.3 por ciento \u00fanicamente de autom\u00f3viles. Asimismo, mencion\u00f3 que tan solo en Morelia durante el 2013, fallecieron 1.3 personas diariamente por siniestros de tr\u00e1nsito y esta se ha convertido en la primera causa de mortandad en ni\u00f1os desde 5 a\u00f1os hasta j\u00f3venes de 25, por ello insisti\u00f3 en la necesidad de establecer acciones conjuntas que promuevan un sistema de movilidad urbana, sustentable. <\/p>\n","protected":false},"excerpt":{"rendered":"<p>Es fundamental incentivar el uso de la bicicleta, el gobierno estatal y los ayuntamientos, deben generar medidas orientadas promover una movilidad urbana sustentable. Martes 4 de Julio de 2017. Morelia, Michoac\u00e1n.- La promoci\u00f3n del deporte y una vida sana a trav\u00e9s del uso de la bicicleta, es hoy una prioridad en la agenda de la [&hellip;]<\/p>\n","protected":false},"author":2,"featured_media":39154,"comment_status":"closed","ping_status":"closed","sticky":false,"template":"","format":"standard","meta":{"footnotes":""},"categories":[6,14,7],"tags":[],"class_list":["post-39153","post","type-post","status-publish","format-standard","has-post-thumbnail","hentry","category-congreso-del-estado","category-destacadas","category-grupo-parlamentario-del-pri"],"_links":{"self":[{"href":"https:\/\/radiowebmx.com\/nota\/wp-json\/wp\/v2\/posts\/39153","targetHints":{"allow":["GET"]}}],"collection":[{"href":"https:\/\/radiowebmx.com\/nota\/wp-json\/wp\/v2\/posts"}],"about":[{"href":"https:\/\/radiowebmx.com\/nota\/wp-json\/wp\/v2\/types\/post"}],"author":[{"embeddable":true,"href":"https:\/\/radiowebmx.com\/nota\/wp-json\/wp\/v2\/users\/2"}],"replies":[{"embeddable":true,"href":"https:\/\/radiowebmx.com\/nota\/wp-json\/wp\/v2\/comments?post=39153"}],"version-history":[{"count":1,"href":"https:\/\/radiowebmx.com\/nota\/wp-json\/wp\/v2\/posts\/39153\/revisions"}],"predecessor-version":[{"id":39155,"href":"https:\/\/radiowebmx.com\/nota\/wp-json\/wp\/v2\/posts\/39153\/revisions\/39155"}],"wp:featuredmedia":[{"embeddable":true,"href":"https:\/\/radiowebmx.com\/nota\/wp-json\/wp\/v2\/media\/39154"}],"wp:attachment":[{"href":"https:\/\/radiowebmx.com\/nota\/wp-json\/wp\/v2\/media?parent=39153"}],"wp:term":[{"taxonomy":"category","embeddable":true,"href":"https:\/\/radiowebmx.com\/nota\/wp-json\/wp\/v2\/categories?post=39153"},{"taxonomy":"post_tag","embeddable":true,"href":"https:\/\/radiowebmx.com\/nota\/wp-json\/wp\/v2\/tags?post=39153"}],"curies":[{"name":"wp","href":"https:\/\/api.w.org\/{rel}","templated":true}]}}