{"id":3915,"date":"2013-09-17T10:33:39","date_gmt":"2013-09-17T15:33:39","guid":{"rendered":"https:\/\/radiowebmx.com\/nota\/?p=3915"},"modified":"2013-10-02T12:56:45","modified_gmt":"2013-10-02T17:56:45","slug":"informan-detalles-sobre-fallecimiento-de-dixie-la-elefante-asiatica","status":"publish","type":"post","link":"https:\/\/radiowebmx.com\/nota\/informan-detalles-sobre-fallecimiento-de-dixie-la-elefante-asiatica\/","title":{"rendered":"INFORMAN DETALLES SOBRE FALLECIMIENTO DE \u201cDIXIE\u201d LA ELEFANTE ASI\u00c1TICA"},"content":{"rendered":"<p><a href=\"https:\/\/radiowebmx.com\/nota\/wp-content\/uploads\/2013\/09\/DSC_1315.jpg\"><img loading=\"lazy\" decoding=\"async\" class=\"alignleft size-full wp-image-3916\" alt=\"DSC_1315\" src=\"https:\/\/radiowebmx.com\/nota\/wp-content\/uploads\/2013\/09\/DSC_1315.jpg\" width=\"591\" height=\"231\" \/><\/a>Autoridades del Parque Zool\u00f3gico \u201cBenito Ju\u00e1rez\u201d, informaron del deceso de uno de los ejemplares m\u00e1s emblem\u00e1ticos del Parque; con una edad de 86 a\u00f1os y un peso aproximado de 3 toneladas, siendo las 4:20 de la tarde del d\u00eda lunes 16 de septiembre del a\u00f1o en curso, \u201cDixie\u201d la hembra de Elefante Asi\u00e1tico, dej\u00f3 de existir debido a un paro cardiorrespiratorio.<\/p>\n<p>En conferencia de prensa, el director del Parque, Mart\u00edn Zavala Mondrag\u00f3n, inform\u00f3 que el diagn\u00f3stico preliminar indica que la paquidermo sufri\u00f3 de un paro cardiorrespiratorio a consecuencia de su avanzada edad, pero finalmente se tendr\u00e1n que determinar con precisi\u00f3n las causas de su muerte, en virtud de la necropsia que se realiza de acuerdo a los protocolos establecidos para dicha especie, as\u00ed como de los resultados de estudios cl\u00ednicos que se estar\u00e1n concluyendo en los pr\u00f3ximos d\u00edas.<\/p>\n<p>Record\u00f3 que el paquidermo lleg\u00f3 al Zool\u00f3gico de Morelia el 14 de Octubre de 1974, como parte de la donaci\u00f3n de un empresa de espect\u00e1culos circenses, con una edad de 47 a\u00f1os y un peso de aproximadamente 3,000 kg.<\/p>\n<p>Cabe mencionar que los elefantes tiene una esperanza de vida de 70 hasta 80 a\u00f1os de acuerdo con algunas fuentes como MacDonald, D., Ed. 1984. The Encyclopedia of Mammals. ed. Series. MacDonald, D. New York: Facts on File, Inc., lo que indica que Dixie sobrepas\u00f3 los par\u00e1metros de su especie.<\/p>\n<p>El funcionario estatal manifest\u00f3 que este ejemplar fue tratado durante su \u00faltima etapa de vida como un animal geri\u00e1trico, por lo que se atendi\u00f3 mediante las indicaciones establecidas para animales de edad avanzada y entre otras medidas, el Parque Zool\u00f3gico \u201cBenito Ju\u00e1rez\u201d enfatiz\u00f3 los cuidados a trav\u00e9s de las siguientes acciones:<\/p>\n<p>Dieta: Incrementando la ingesta de forrajes altos en fibra, disminuyendo la cantidad de prote\u00edna, adicionando un concentrado especializado para elefantes, as\u00ed como la adici\u00f3n de Emcelle alpha tocopherol, Vitamina E.<\/p>\n<p>Manejo: Sesiones de entrenamiento con menos actividades, pero con mayor frecuencia, acordes a sus condiciones motoras y fisiol\u00f3gicas.<\/p>\n<p>Revisiones M\u00e9dicas: Visitas 2 o 3 veces por d\u00eda.<\/p>\n<p>Atenciones m\u00e9dicas: Medicina preventiva, Profilaxis dental, Profilaxis podal, cuidados de sus articulaciones, an\u00e1lisis cl\u00ednicos de rutina y especializados.<\/p>\n<p>Modificaciones de Albergue: Instalaci\u00f3n de una zona de sombra, Instalaci\u00f3n de una zona de hidroterapia podal.<\/p>\n<p>Afirm\u00f3 que las acciones que fueron implementadas al ejemplar permitieron mejorar de forma significativa su calidad de vida, lo que refrenda el compromiso ineludible del Parque Zool\u00f3gico con sus residentes.<\/p>\n<p>Finalmente, Mart\u00edn Zavala indic\u00f3 que ya realizan gestiones ante la Embajada de Costa de Marfil y autoridades de otros parques, para ver la posibilidad de adquirir otro elefante.<\/p>\n<p>En la conferencia de prensa estuvieron presentes, Alberto Arr\u00e9s Rangel, subdirector operativo del Parque y responsable del cuerpo m\u00e9dico; Carlos Montalvo del \u00e1rea Diagn\u00f3stica; Josu\u00e9 Rangel D\u00edaz del Centro de Nutrici\u00f3n; Jos\u00e9 Luis S\u00e1nchez, jefe de Mam\u00edferos; Humberto Gonz\u00e1lez, trabajador del \u00e1rea; y Eugenio V\u00e1zquez, auxiliar del equipo m\u00e9dico.<\/p>\n<p>&nbsp;<\/p>\n","protected":false},"excerpt":{"rendered":"<p>Autoridades del Parque Zool\u00f3gico \u201cBenito Ju\u00e1rez\u201d, informaron del deceso de uno de los ejemplares m\u00e1s emblem\u00e1ticos del Parque; con una edad de 86 a\u00f1os y un peso aproximado de 3 toneladas,<\/p>\n","protected":false},"author":1,"featured_media":0,"comment_status":"open","ping_status":"open","sticky":false,"template":"","format":"standard","meta":{"footnotes":""},"categories":[14,3],"tags":[],"class_list":["post-3915","post","type-post","status-publish","format-standard","hentry","category-destacadas","category-gobierno-del-estado-de-michoacan"],"_links":{"self":[{"href":"https:\/\/radiowebmx.com\/nota\/wp-json\/wp\/v2\/posts\/3915","targetHints":{"allow":["GET"]}}],"collection":[{"href":"https:\/\/radiowebmx.com\/nota\/wp-json\/wp\/v2\/posts"}],"about":[{"href":"https:\/\/radiowebmx.com\/nota\/wp-json\/wp\/v2\/types\/post"}],"author":[{"embeddable":true,"href":"https:\/\/radiowebmx.com\/nota\/wp-json\/wp\/v2\/users\/1"}],"replies":[{"embeddable":true,"href":"https:\/\/radiowebmx.com\/nota\/wp-json\/wp\/v2\/comments?post=3915"}],"version-history":[{"count":2,"href":"https:\/\/radiowebmx.com\/nota\/wp-json\/wp\/v2\/posts\/3915\/revisions"}],"predecessor-version":[{"id":4039,"href":"https:\/\/radiowebmx.com\/nota\/wp-json\/wp\/v2\/posts\/3915\/revisions\/4039"}],"wp:attachment":[{"href":"https:\/\/radiowebmx.com\/nota\/wp-json\/wp\/v2\/media?parent=3915"}],"wp:term":[{"taxonomy":"category","embeddable":true,"href":"https:\/\/radiowebmx.com\/nota\/wp-json\/wp\/v2\/categories?post=3915"},{"taxonomy":"post_tag","embeddable":true,"href":"https:\/\/radiowebmx.com\/nota\/wp-json\/wp\/v2\/tags?post=3915"}],"curies":[{"name":"wp","href":"https:\/\/api.w.org\/{rel}","templated":true}]}}