{"id":39147,"date":"2017-07-04T11:32:19","date_gmt":"2017-07-04T16:32:19","guid":{"rendered":"https:\/\/radiowebmx.com\/nota\/?p=39147"},"modified":"2017-07-04T11:32:19","modified_gmt":"2017-07-04T16:32:19","slug":"la-verdad-por-dolorosa-que-sea-siempre-abonara-al-fortalecimiento-institucional-pascual-sigala","status":"publish","type":"post","link":"https:\/\/radiowebmx.com\/nota\/la-verdad-por-dolorosa-que-sea-siempre-abonara-al-fortalecimiento-institucional-pascual-sigala\/","title":{"rendered":"La verdad por dolorosa que sea siempre abonar\u00e1 al fortalecimiento institucional: Pascual Sigala"},"content":{"rendered":"<p>Morelia; Michoac\u00e1n, 04 de julio de 2017.- Las autoridades en M\u00e9xico y sus entidades federativas deben aprender que vender espejismos a cambio de dividendos pol\u00edticos s\u00f3lo conduce al debilitamiento institucional y que la verdad, por dolorosa que sea siembra certeza en la acci\u00f3n p\u00fablica, apunt\u00f3 el presidente de la Conferencia Permanente de Congresos Locales (Copecol), Pascual Sigala P\u00e1ez.<\/p>\n<p>El tambi\u00e9n presidente de la Mesa Directiva del Congreso del Estado, puso como ejemplo el tema de la seguridad y el combate a la delincuencia organizada, en donde subray\u00f3 debe existir reconocimiento pleno que el problema es hondo y a\u00f1ejo, y que las acciones que se realizan ver\u00e1n cristalizados sus frutos en el mediano y largo plazo.<\/p>\n<p>\u201cToda autoridad debe entender que para generar alianzas con la sociedad que permitan un combate de fondo a este tipo de flagelos, se requiere honestidad y no ofertar ilusiones trasformadoras de corto plazo que est\u00e1n lejos de la realidad por la que atraviesa nuestra naci\u00f3n\u201d.<\/p>\n<p>En ese sentido Pascual Sigala retom\u00f3 el caso de Michoac\u00e1n, en donde el accionar de grupos delincuenciales confronta la acci\u00f3n gubernamental para su combate y supresi\u00f3n, \u201cel pragmatismo pol\u00edtico aconsejar\u00eda promocionar que ma\u00f1ana amaneceremos con una realidad distinta, sin embargo ha existido claridad acerca de que la falsedad no abona ni transforma y que para la suma de esfuerzos el camino m\u00e1s viable es el de la verdad\u201d.<\/p>\n<p>Se\u00f1al\u00f3 que por a\u00f1os la sociedad ha padecido que la realidad no coincida con los discursos oficiales lo que ha generado escepticismo y lejan\u00eda con las instituciones, \u201cese es un fen\u00f3meno muy dif\u00edcil de revertir, y estamos apostando porque la senda indicada es aquella en donde autoridad y sociedad caminen juntos en plena sinton\u00eda.<\/p>\n<p>\u201cLa responsabilidad p\u00fablica no debe nutrirse de autocomplacencias, sino basar su acci\u00f3n en resultados tangibles que reconcilien la ruta de tr\u00e1nsito entre gobierno y sociedad\u201d.<\/p>\n","protected":false},"excerpt":{"rendered":"<p>Morelia; Michoac\u00e1n, 04 de julio de 2017.- Las autoridades en M\u00e9xico y sus entidades federativas deben aprender que vender espejismos a cambio de dividendos pol\u00edticos s\u00f3lo conduce al debilitamiento institucional y que la verdad, por dolorosa que sea siembra certeza en la acci\u00f3n p\u00fablica, apunt\u00f3 el presidente de la Conferencia Permanente de Congresos Locales (Copecol), [&hellip;]<\/p>\n","protected":false},"author":2,"featured_media":39148,"comment_status":"closed","ping_status":"closed","sticky":false,"template":"","format":"standard","meta":{"footnotes":""},"categories":[6,14],"tags":[],"class_list":["post-39147","post","type-post","status-publish","format-standard","has-post-thumbnail","hentry","category-congreso-del-estado","category-destacadas"],"_links":{"self":[{"href":"https:\/\/radiowebmx.com\/nota\/wp-json\/wp\/v2\/posts\/39147","targetHints":{"allow":["GET"]}}],"collection":[{"href":"https:\/\/radiowebmx.com\/nota\/wp-json\/wp\/v2\/posts"}],"about":[{"href":"https:\/\/radiowebmx.com\/nota\/wp-json\/wp\/v2\/types\/post"}],"author":[{"embeddable":true,"href":"https:\/\/radiowebmx.com\/nota\/wp-json\/wp\/v2\/users\/2"}],"replies":[{"embeddable":true,"href":"https:\/\/radiowebmx.com\/nota\/wp-json\/wp\/v2\/comments?post=39147"}],"version-history":[{"count":1,"href":"https:\/\/radiowebmx.com\/nota\/wp-json\/wp\/v2\/posts\/39147\/revisions"}],"predecessor-version":[{"id":39149,"href":"https:\/\/radiowebmx.com\/nota\/wp-json\/wp\/v2\/posts\/39147\/revisions\/39149"}],"wp:featuredmedia":[{"embeddable":true,"href":"https:\/\/radiowebmx.com\/nota\/wp-json\/wp\/v2\/media\/39148"}],"wp:attachment":[{"href":"https:\/\/radiowebmx.com\/nota\/wp-json\/wp\/v2\/media?parent=39147"}],"wp:term":[{"taxonomy":"category","embeddable":true,"href":"https:\/\/radiowebmx.com\/nota\/wp-json\/wp\/v2\/categories?post=39147"},{"taxonomy":"post_tag","embeddable":true,"href":"https:\/\/radiowebmx.com\/nota\/wp-json\/wp\/v2\/tags?post=39147"}],"curies":[{"name":"wp","href":"https:\/\/api.w.org\/{rel}","templated":true}]}}