{"id":39133,"date":"2017-07-03T19:49:24","date_gmt":"2017-07-04T00:49:24","guid":{"rendered":"https:\/\/radiowebmx.com\/nota\/?p=39133"},"modified":"2017-07-04T10:48:26","modified_gmt":"2017-07-04T15:48:26","slug":"soy-un-convencido-de-abrir-espacios-de-participacion-ciudadana-silvano-aureoles","status":"publish","type":"post","link":"https:\/\/radiowebmx.com\/nota\/soy-un-convencido-de-abrir-espacios-de-participacion-ciudadana-silvano-aureoles\/","title":{"rendered":"Soy un convencido de abrir espacios de participaci\u00f3n ciudadana: Silvano Aureoles"},"content":{"rendered":"<p>El Gobernador se re\u00fane con integrantes del Consejo Econ\u00f3mico y Social de Michoac\u00e1n, con el objetivo de reactivar este organismo de consulta, di\u00e1logo y propuesta, que aglutina a todos los sectores de la entidad y de todas sus regiones.<\/p>\n<p>Morelia, Michoac\u00e1n, a 3 de julio de 2017.- Con el prop\u00f3sito de construir y fortalecer proyectos en beneficio de la entidad, adem\u00e1s de reactivar el trabajo conjunto con este organismo, el Gobernador Constitucional Silvano Aureoles Conejo, se reuni\u00f3 con las y los integrantes del Consejo Econ\u00f3mico y Social de Michoac\u00e1n (CESMICH).<\/p>\n<p> <a href=\"https:\/\/radiowebmx.com\/nota\/wp-content\/uploads\/2017\/07\/52896437-9ccb-4978-912c-e3e092446eb4.jpg\"><img loading=\"lazy\" decoding=\"async\" src=\"https:\/\/radiowebmx.com\/nota\/wp-content\/uploads\/2017\/07\/52896437-9ccb-4978-912c-e3e092446eb4-595x396.jpg\" alt=\"\" width=\"595\" height=\"396\" class=\"alignnone size-medium wp-image-39135\" srcset=\"https:\/\/radiowebmx.com\/nota\/wp-content\/uploads\/2017\/07\/52896437-9ccb-4978-912c-e3e092446eb4-595x396.jpg 595w, https:\/\/radiowebmx.com\/nota\/wp-content\/uploads\/2017\/07\/52896437-9ccb-4978-912c-e3e092446eb4-272x182.jpg 272w, https:\/\/radiowebmx.com\/nota\/wp-content\/uploads\/2017\/07\/52896437-9ccb-4978-912c-e3e092446eb4.jpg 709w\" sizes=\"auto, (max-width: 595px) 100vw, 595px\" \/><\/a><\/p>\n<p>Acompa\u00f1ado del secretario de Desarrollo Econ\u00f3mico, Jes\u00fas Melgoza Vel\u00e1zquez, el mandatario estatal dijo estar convencido de la importancia y necesidad de abrir espacios de participaci\u00f3n con los diversos sectores sociales y productivos, para construir una agenda com\u00fan por el desarrollo del estado.<\/p>\n<p>Por ello, ratific\u00f3 su decisi\u00f3n de trabajar de manera conjunta con este organismo, que representa a pr\u00e1cticamente todos los sectores de la entidad y sus regiones.<\/p>\n<p>En este marco, el jefe del Ejecutivo estatal expuso a las y los consejeros los avances en la pr\u00f3xima implementaci\u00f3n de la Zona Econ\u00f3mica Especial (ZEE) en el Puerto de L\u00e1zaro C\u00e1rdenas y los beneficios que \u00e9sta representar\u00e1 para la regi\u00f3n Costa y para todo el estado. <\/p>\n<p>Asimismo, solicit\u00f3 el revisar el proceso metodol\u00f3gico para la operaci\u00f3n de los Comit\u00e9s y Consejos Ciudadanos que se han implementado en algunas localidades y municipios, con el objetivo de que el trabajo sea continuo y efectivo; adem\u00e1s de estudiar las pol\u00edticas p\u00fablicas actuales.<\/p>\n<p>De igual manera, se comprometi\u00f3 con las y los integrantes del CESMICH a mantener reuniones trimestrales para dar seguimiento a las propuestas y proyectos.<\/p>\n<p>En este encuentro, el Gobernador del Estado escuch\u00f3 las iniciativas, sugerencias e inquietudes de pr\u00e1cticamente todas y todos los consejeros, mismas que versaron principalmente en torno a etiquetar presupuesto al CESMICH, revisar la Ley del Consejo Econ\u00f3mico y Social del Estado, que haya una mayor intervenci\u00f3n del organismo en el dise\u00f1o y planeaci\u00f3n de las pol\u00edticas p\u00fablicas del Gobierno Estatal, entre otras.<\/p>\n<p>Tambi\u00e9n mostraron su preocupaci\u00f3n ante el cambio ilegal de uso de suelo y reconocieron el trabajo de la administraci\u00f3n de Aureoles Conejo para frenar esta problem\u00e1tica.<\/p>\n<p>Las y los integrantes del CESMICH coincidieron en reconocer la apertura que muestra el Gobernador Silvano Aureoles para dialogar y construir de la mano de la ciudadan\u00eda, las acciones que permitan potenciar el desarrollo de Michoac\u00e1n y sus habitantes.<\/p>\n<p>Estuvieron presentes en esta reuni\u00f3n, Roberto Ram\u00edrez Delgado, presidente de Fucidim y promotor del Consejo; Enrique Bautista Villegas, productor y promotor de la Ley del CESMICH; Luisa Mar\u00eda Saavedra Hern\u00e1ndez, productora de mezcal; Ra\u00fal Mart\u00ednez Rubio, rector de la UVAQ; Medardo Serna Gonz\u00e1lez, rector de la UMSNH; Eduardo Arreola Cormack, representante del sector tur\u00edstico; Rogelio Gu\u00edzar Perez, de la Asociaci\u00f3n de Industriales del Estado; Juan Spyker, vicepresidente del Consejo Interreligioso y el obispo auxiliar de Morelia, H\u00e9rcules Medina Garfias.<\/p>\n<p>Ademas de Luis Navarro Garc\u00eda, presidente de Canaco Servytur Morelia; H\u00e9ctor Manuel Tinoco, presidente de Canacintra; Jorge Tovar Zavala, presidente de CMIC; Martha Camarena Reyes, del Foro Nacional de Colegios de Profesionistas; Arturo Herrera Cornejo, representante de la regi\u00f3n Morelia-Cuitzeo; Luisa Estela Le\u00f3n Mar\u00edn, representante de la zona Oriente, entre otros consejeros.<\/p>\n","protected":false},"excerpt":{"rendered":"<p>El Gobernador se re\u00fane con integrantes del Consejo Econ\u00f3mico y Social de Michoac\u00e1n, con el objetivo de reactivar este organismo de consulta, di\u00e1logo y propuesta, que aglutina a todos los sectores de la entidad y de todas sus regiones. Morelia, Michoac\u00e1n, a 3 de julio de 2017.- Con el prop\u00f3sito de construir y fortalecer proyectos [&hellip;]<\/p>\n","protected":false},"author":2,"featured_media":39134,"comment_status":"closed","ping_status":"closed","sticky":false,"template":"","format":"standard","meta":{"footnotes":""},"categories":[14,3,60],"tags":[],"class_list":["post-39133","post","type-post","status-publish","format-standard","has-post-thumbnail","hentry","category-destacadas","category-gobierno-del-estado-de-michoacan","category-michoacan"],"_links":{"self":[{"href":"https:\/\/radiowebmx.com\/nota\/wp-json\/wp\/v2\/posts\/39133","targetHints":{"allow":["GET"]}}],"collection":[{"href":"https:\/\/radiowebmx.com\/nota\/wp-json\/wp\/v2\/posts"}],"about":[{"href":"https:\/\/radiowebmx.com\/nota\/wp-json\/wp\/v2\/types\/post"}],"author":[{"embeddable":true,"href":"https:\/\/radiowebmx.com\/nota\/wp-json\/wp\/v2\/users\/2"}],"replies":[{"embeddable":true,"href":"https:\/\/radiowebmx.com\/nota\/wp-json\/wp\/v2\/comments?post=39133"}],"version-history":[{"count":1,"href":"https:\/\/radiowebmx.com\/nota\/wp-json\/wp\/v2\/posts\/39133\/revisions"}],"predecessor-version":[{"id":39136,"href":"https:\/\/radiowebmx.com\/nota\/wp-json\/wp\/v2\/posts\/39133\/revisions\/39136"}],"wp:featuredmedia":[{"embeddable":true,"href":"https:\/\/radiowebmx.com\/nota\/wp-json\/wp\/v2\/media\/39134"}],"wp:attachment":[{"href":"https:\/\/radiowebmx.com\/nota\/wp-json\/wp\/v2\/media?parent=39133"}],"wp:term":[{"taxonomy":"category","embeddable":true,"href":"https:\/\/radiowebmx.com\/nota\/wp-json\/wp\/v2\/categories?post=39133"},{"taxonomy":"post_tag","embeddable":true,"href":"https:\/\/radiowebmx.com\/nota\/wp-json\/wp\/v2\/tags?post=39133"}],"curies":[{"name":"wp","href":"https:\/\/api.w.org\/{rel}","templated":true}]}}