{"id":39128,"date":"2017-07-03T19:36:32","date_gmt":"2017-07-04T00:36:32","guid":{"rendered":"https:\/\/radiowebmx.com\/nota\/?p=39128"},"modified":"2017-07-04T10:22:22","modified_gmt":"2017-07-04T15:22:22","slug":"telebachillerato-por-incrementar-su-cobertura-en-zonas-rurales-de-morelia","status":"publish","type":"post","link":"https:\/\/radiowebmx.com\/nota\/telebachillerato-por-incrementar-su-cobertura-en-zonas-rurales-de-morelia\/","title":{"rendered":"Telebachillerato, por incrementar su cobertura en zonas rurales de Morelia"},"content":{"rendered":"<p>Morelia, Michoac\u00e1n, a 3 de julio de 2017.- El director general del Telebachillerato Michoac\u00e1n, Juan Carlos Barrag\u00e1n V\u00e9lez, se reuni\u00f3 con jefes de tenencia de este municipio para coordinar acciones que permitan llevar infraestructura educativa a zonas rurales carentes de servicios p\u00fablicos y centros para la formaci\u00f3n de j\u00f3venes y adultos que pueden contribuir en el desarrollo social y productivo de sus localidades.<br \/>\n<a href=\"https:\/\/radiowebmx.com\/nota\/wp-content\/uploads\/2017\/07\/148498ca-f1d0-43b9-805e-d709d7df2cb8.jpg\"><img loading=\"lazy\" decoding=\"async\" src=\"https:\/\/radiowebmx.com\/nota\/wp-content\/uploads\/2017\/07\/148498ca-f1d0-43b9-805e-d709d7df2cb8-595x368.jpg\" alt=\"\" width=\"595\" height=\"368\" class=\"alignnone size-medium wp-image-39130\" srcset=\"https:\/\/radiowebmx.com\/nota\/wp-content\/uploads\/2017\/07\/148498ca-f1d0-43b9-805e-d709d7df2cb8-595x368.jpg 595w, https:\/\/radiowebmx.com\/nota\/wp-content\/uploads\/2017\/07\/148498ca-f1d0-43b9-805e-d709d7df2cb8.jpg 709w\" sizes=\"auto, (max-width: 595px) 100vw, 595px\" \/><\/a><\/p>\n<p>Con la finalidad de evitar la migraci\u00f3n de j\u00f3venes por falta de oportunidades para ingresar a programas educativos, representantes de las tenencias de Santa Mar\u00eda de Guido, Morelos, Chiquimitio, San Nicol\u00e1s Obispo, At\u00e9cuaro, Tiripet\u00edo, Santiago Undameo y de la comunidad de Um\u00e9cuaro, solicitaron a las autoridades del subsistema la apertura de planteles con el prop\u00f3sito de apoyar la formaci\u00f3n de hombres y mujeres productivos a beneficio directo de las comunidades marginadas.<\/p>\n<p>Luego de manifestar que el 30 por ciento de los morelianos habita en tenencias y comunidades aleda\u00f1as, urgieron a Barrag\u00e1n V\u00e9lez su intervenci\u00f3n para atender a esta parte de la poblaci\u00f3n que demanda, entre otros servicios, infraestructura educativa para beneficio de las familias que por sus condiciones econ\u00f3micas no pueden trasladarse a Morelia para ingresar a las instituciones de educaci\u00f3n media superior.<\/p>\n<p>El director enfatiz\u00f3 que por instrucciones del Gobernador Silvano Aureoles Conejo, la instituci\u00f3n a su cargo tiene el compromiso de ampliar su cobertura educativa en zonas de dif\u00edcil acceso y con \u00edndices de marginaci\u00f3n para garantizar as\u00ed  una formaci\u00f3n de calidad a los michoacanos y les permita tener estabilidad social, arraigo y productividad a sus localidades, a los municipios y al estado en general. <\/p>\n<p>Coment\u00f3 que en ese sentido el Telebachillerato trabaja por reforzar programas de apoyo para incentivar a los alumnos a continuar con estudios y, en ese sentido, record\u00f3 que actualmente el 98 por ciento de los m\u00e1s de 10 mil 500 matriculados en los 182 centros Telebachilerato cuentan con becas federales y estatales que van de los mil 800 a los 2 mil pesos mensuales.<\/p>\n<p>Estas acciones, dijo, permiten beneficiar a la poblaci\u00f3n que m\u00e1s lo necesita para mejorar sus condiciones de vida. \u201cEn las aulas del Telebachillerato se prepara a las futuras generaciones que coadyuvar\u00e1n en el crecimiento y la productividad del municipio y del estado\u201d.<\/p>\n<p>En el encuentro, los representantes de cada tenencia agradecieron al funcionario la oportunidad de compartir las deficiencias de este sector en Morelia, y Barrag\u00e1n V\u00e9lez se comprometi\u00f3 a facilitar los medios para coordinar acciones que permitan la gesti\u00f3n y ejecuci\u00f3n de proyectos que impacten favorablemente en el desarrollo educativo y social de Morelia y de sus alrededores.<\/p>\n","protected":false},"excerpt":{"rendered":"<p>Morelia, Michoac\u00e1n, a 3 de julio de 2017.- El director general del Telebachillerato Michoac\u00e1n, Juan Carlos Barrag\u00e1n V\u00e9lez, se reuni\u00f3 con jefes de tenencia de este municipio para coordinar acciones que permitan llevar infraestructura educativa a zonas rurales carentes de servicios p\u00fablicos y centros para la formaci\u00f3n de j\u00f3venes y adultos que pueden contribuir en [&hellip;]<\/p>\n","protected":false},"author":2,"featured_media":39129,"comment_status":"closed","ping_status":"closed","sticky":false,"template":"","format":"standard","meta":{"footnotes":""},"categories":[14,3,60],"tags":[],"class_list":["post-39128","post","type-post","status-publish","format-standard","has-post-thumbnail","hentry","category-destacadas","category-gobierno-del-estado-de-michoacan","category-michoacan"],"_links":{"self":[{"href":"https:\/\/radiowebmx.com\/nota\/wp-json\/wp\/v2\/posts\/39128","targetHints":{"allow":["GET"]}}],"collection":[{"href":"https:\/\/radiowebmx.com\/nota\/wp-json\/wp\/v2\/posts"}],"about":[{"href":"https:\/\/radiowebmx.com\/nota\/wp-json\/wp\/v2\/types\/post"}],"author":[{"embeddable":true,"href":"https:\/\/radiowebmx.com\/nota\/wp-json\/wp\/v2\/users\/2"}],"replies":[{"embeddable":true,"href":"https:\/\/radiowebmx.com\/nota\/wp-json\/wp\/v2\/comments?post=39128"}],"version-history":[{"count":1,"href":"https:\/\/radiowebmx.com\/nota\/wp-json\/wp\/v2\/posts\/39128\/revisions"}],"predecessor-version":[{"id":39131,"href":"https:\/\/radiowebmx.com\/nota\/wp-json\/wp\/v2\/posts\/39128\/revisions\/39131"}],"wp:featuredmedia":[{"embeddable":true,"href":"https:\/\/radiowebmx.com\/nota\/wp-json\/wp\/v2\/media\/39129"}],"wp:attachment":[{"href":"https:\/\/radiowebmx.com\/nota\/wp-json\/wp\/v2\/media?parent=39128"}],"wp:term":[{"taxonomy":"category","embeddable":true,"href":"https:\/\/radiowebmx.com\/nota\/wp-json\/wp\/v2\/categories?post=39128"},{"taxonomy":"post_tag","embeddable":true,"href":"https:\/\/radiowebmx.com\/nota\/wp-json\/wp\/v2\/tags?post=39128"}],"curies":[{"name":"wp","href":"https:\/\/api.w.org\/{rel}","templated":true}]}}