{"id":39124,"date":"2017-07-03T18:12:21","date_gmt":"2017-07-03T23:12:21","guid":{"rendered":"https:\/\/radiowebmx.com\/nota\/?p=39124"},"modified":"2017-07-04T10:19:26","modified_gmt":"2017-07-04T15:19:26","slug":"modernizacion-del-alumbrado-publico-en-morelia-generara-una-ciudad-mas-segura-y-sustentable-alfonso-martinez","status":"publish","type":"post","link":"https:\/\/radiowebmx.com\/nota\/modernizacion-del-alumbrado-publico-en-morelia-generara-una-ciudad-mas-segura-y-sustentable-alfonso-martinez\/","title":{"rendered":"Modernizaci\u00f3n del Alumbrado P\u00fablico en Morelia, generar\u00e1 una ciudad m\u00e1s segura y sustentable: Alfonso Mart\u00ednez"},"content":{"rendered":"<p>El Presidente Municipal, destac\u00f3 los beneficios que traer\u00e1 consigo el Proyecto Integral de Modernizaci\u00f3n del Sistema de Alumbrado P\u00fablico.<\/p>\n<p>Inform\u00f3 que la mayor\u00eda de las luminarias \u201cencienden pero no iluminan\u201d y de las 67 mil 400 l\u00e1mparas que hay en el municipio, alrededor de 23 mil no funcionan.<\/p>\n<p>Refiri\u00f3 que estad\u00edsticas constatan, que las ciudades con este sistema han reducido hasta en un 20 por ciento los \u00edndices de inseguridad.<\/p>\n<p>Morelia, Mich., a 03 de Julio de 2017<br \/>\nBOLET\u00cdN 1081\/2017<\/p>\n<p>Con el Proyecto Integral de Modernizaci\u00f3n del Sistema de Alumbrado P\u00fablico, los morelianos no s\u00f3lo tendr\u00e1n una ciudad m\u00e1s segura y sustentable, sino que adem\u00e1s contar\u00e1n con mejores servicios y a un menor costo, asegur\u00f3 el Presidente Municipal, Alfonso Mart\u00ednez Alc\u00e1zar, luego de que este importante programa fuera aprobado por los integrantes del Cabildo en d\u00edas pasados.<\/p>\n<p>El Alcalde, subray\u00f3 la apremiante necesidad de hacer el remplazamiento total de las luminarias en la capital michoacana, ya que estas dijo, son obsoletas y poco eficientes, \u201cla mayor\u00eda de las luminarias encienden pero no iluminan y de las 67 mil 400 l\u00e1mparas que hay en el municipio, alrededor de 23 mil no funcionan, por lo que al tener una ciudad poco iluminada se generan focos rojos en materia de incidencia delictiva\u201d, reiter\u00f3.<\/p>\n<p>Asimismo, inform\u00f3 que el 80 por ciento de los reportes que llegan a la p\u00e1gina de Internet L\u00ednea Directa, as\u00ed como al 072, corresponden al \u00e1rea de Alumbrado P\u00fablico, de ah\u00ed que el mantenimiento requiere de una importante inversi\u00f3n de recursos p\u00fablicos, sin dejar de lado que este servicio es b\u00e1sico y elemental en la b\u00fasqueda de garantizar la tranquilidad y el orden social.<\/p>\n<p>\u201cHoy en d\u00eda la ciudad carece de un buen sistema de Alumbrado P\u00fablico. El existente, en su mayor\u00eda, est\u00e1 deteriorado y muchas de las luminarias est\u00e1n fundidas, lo que resulta inaceptable si apostamos a la reducci\u00f3n de los \u00edndices delictivos en Morelia. Estad\u00edsticas constatan que las ciudades que cuentan con un sistema eficiente y moderno, han reducido hasta en un 20 por ciento la inseguridad, de ah\u00ed nuestro inter\u00e9s por hacer la renovaci\u00f3n total del mismo, tanto de l\u00e1mparas como del cableado\u201d, detall\u00f3.<\/p>\n<p>Mart\u00ednez Alc\u00e1zar, a\u00f1adi\u00f3 que una que vez que se haga el reemplazo integral del alumbrado p\u00fablico, disminuir\u00e1 el recurso que se destina mensualmente para el mantenimiento del mismo, toda vez que actualmente, la Administraci\u00f3n eroga una cantidad de 17 millones de pesos mensuales en este rubro y la intenci\u00f3n es que a trav\u00e9s de este proyecto sean 14 millones de pesos los invertidos, as\u00ed como tambi\u00e9n se realice el mantenimiento de las mismas, la reposici\u00f3n de las da\u00f1adas las 24 horas del d\u00eda y el servicio por energ\u00eda el\u00e9ctrica.<\/p>\n<p>\u201cSe trata de una reducci\u00f3n de 3 millones de pesos mensuales, de tal forma que esta diferencia que todav\u00eda se destina en energ\u00eda el\u00e9ctrica, sea empleado en mejores servicios y m\u00e1s obras para los morelianos y lo que es mejor, la ciudadan\u00eda pueda contar con un modelo de alumbrado de calidad y energ\u00e9tico que abone a la protecci\u00f3n del medio ambiente\u201d, explic\u00f3.<\/p>\n<p>Aunado a lo anterior, Alfonso Mart\u00ednez, precis\u00f3 que Morelia dar\u00e1 un paso significativo en cuanto a pol\u00edticas ambientales se refiere, ya que se cambiar\u00e1n las l\u00e1mparas de vapor de sodio de alta presi\u00f3n, las cuales constituyen a m\u00e1s del 75 por ciento de las instaladas en el municipio-, a luminarias LED (ahorradoras).<\/p>\n<p>En este tenor, se\u00f1al\u00f3 que al remplazar las l\u00e1mparas, el sistema de alumbrado p\u00fablico no s\u00f3lo ser\u00e1 m\u00e1s eficiente, sino que se reducir\u00e1 la contaminaci\u00f3n en la ciudad y el municipio podr\u00e1 gestionar bonos de carbono con organizaciones sociales de car\u00e1cter internacional.<\/p>\n<p>\u201cGracias al Proyecto Integral de Modernizaci\u00f3n, Rehabilitaci\u00f3n, Mantenimiento, Operaci\u00f3n y Gesti\u00f3n de la Energ\u00eda, los morelianos contaremos con una ciudad m\u00e1s iluminada, segura y con un servicio m\u00e1s eficiente de alumbrado p\u00fablico\u201d, finaliz\u00f3.<\/p>\n","protected":false},"excerpt":{"rendered":"<p>El Presidente Municipal, destac\u00f3 los beneficios que traer\u00e1 consigo el Proyecto Integral de Modernizaci\u00f3n del Sistema de Alumbrado P\u00fablico. Inform\u00f3 que la mayor\u00eda de las luminarias \u201cencienden pero no iluminan\u201d y de las 67 mil 400 l\u00e1mparas que hay en el municipio, alrededor de 23 mil no funcionan. Refiri\u00f3 que estad\u00edsticas constatan, que las ciudades [&hellip;]<\/p>\n","protected":false},"author":2,"featured_media":39125,"comment_status":"closed","ping_status":"closed","sticky":false,"template":"","format":"standard","meta":{"footnotes":""},"categories":[14,60,9],"tags":[],"class_list":["post-39124","post","type-post","status-publish","format-standard","has-post-thumbnail","hentry","category-destacadas","category-michoacan","category-morelia"],"_links":{"self":[{"href":"https:\/\/radiowebmx.com\/nota\/wp-json\/wp\/v2\/posts\/39124","targetHints":{"allow":["GET"]}}],"collection":[{"href":"https:\/\/radiowebmx.com\/nota\/wp-json\/wp\/v2\/posts"}],"about":[{"href":"https:\/\/radiowebmx.com\/nota\/wp-json\/wp\/v2\/types\/post"}],"author":[{"embeddable":true,"href":"https:\/\/radiowebmx.com\/nota\/wp-json\/wp\/v2\/users\/2"}],"replies":[{"embeddable":true,"href":"https:\/\/radiowebmx.com\/nota\/wp-json\/wp\/v2\/comments?post=39124"}],"version-history":[{"count":1,"href":"https:\/\/radiowebmx.com\/nota\/wp-json\/wp\/v2\/posts\/39124\/revisions"}],"predecessor-version":[{"id":39127,"href":"https:\/\/radiowebmx.com\/nota\/wp-json\/wp\/v2\/posts\/39124\/revisions\/39127"}],"wp:featuredmedia":[{"embeddable":true,"href":"https:\/\/radiowebmx.com\/nota\/wp-json\/wp\/v2\/media\/39125"}],"wp:attachment":[{"href":"https:\/\/radiowebmx.com\/nota\/wp-json\/wp\/v2\/media?parent=39124"}],"wp:term":[{"taxonomy":"category","embeddable":true,"href":"https:\/\/radiowebmx.com\/nota\/wp-json\/wp\/v2\/categories?post=39124"},{"taxonomy":"post_tag","embeddable":true,"href":"https:\/\/radiowebmx.com\/nota\/wp-json\/wp\/v2\/tags?post=39124"}],"curies":[{"name":"wp","href":"https:\/\/api.w.org\/{rel}","templated":true}]}}