{"id":39088,"date":"2017-07-02T16:06:57","date_gmt":"2017-07-02T21:06:57","guid":{"rendered":"https:\/\/radiowebmx.com\/nota\/?p=39088"},"modified":"2017-07-03T12:08:05","modified_gmt":"2017-07-03T17:08:05","slug":"debemos-apostar-por-el-impulso-de-viviendas-humanizadas-jeovana-alcantar","status":"publish","type":"post","link":"https:\/\/radiowebmx.com\/nota\/debemos-apostar-por-el-impulso-de-viviendas-humanizadas-jeovana-alcantar\/","title":{"rendered":"Debemos apostar por el impulso de viviendas humanizadas: Jeovana Alc\u00e1ntar"},"content":{"rendered":"<p>Morelia; Michoac\u00e1n, 02 de julio de 2017.- M\u00e9xico y estados como Michoac\u00e1n deben apostar al impulso de ciudades humanizadas, en donde las viviendas trasciendan la l\u00f3gica de la funcionalidad y den pie al desarrollo arm\u00f3nico de quienes las habitan, subray\u00f3 la legisladora Jeovana Alc\u00e1ntar Baca, presidenta de la Comisi\u00f3n de Fortalecimiento Municipal y L\u00edmites Territoriales en la LXXIII Legislatura local.<\/p>\n<p>La diputada por el distrito de Hidalgo destac\u00f3 la necesidad de transformar nuestra manera de concebir el espacio en que habitamos, de manera que \u00e9ste no s\u00f3lo sea arm\u00f3nico para nuestro desarrollo sino tambi\u00e9n con su entorno.<\/p>\n<p>Se\u00f1al\u00f3 que el INEGI reporta que en Michoac\u00e1n existen un mill\u00f3n 191 mil viviendas particulares, de las que el 77.1 por ciento dispone de agua entubada, el 98.9 por ciento con energ\u00eda el\u00e9ctrica y el 81.3 por ciento de drenaje conectado a la red p\u00fablica.<\/p>\n<p>En ese sentido, la legisladora de extracci\u00f3n perredista puntualiz\u00f3 que contar con una vivienda digna es un derecho previsto en la Declaraci\u00f3n Universal de los Derechos Humanos, as\u00ed como en el Pacto Internacional de Derechos Econ\u00f3micos, Sociales y Culturales, lo que implica no s\u00f3lo que el lugar que se habita tenga cuente con los servicios necesarios, sino que contribuya al pleno desarrollo de las capacidades de quienes ah\u00ed habitan.<\/p>\n<p>\u201cHumanizar los espacios en que habitamos tiene que ver con el poder acceder a un hogar y a una comunidad seguras en las que vivir en paz, con dignidad y salud f\u00edsica y mental\u201d.<\/p>\n<p>Jeovana Alc\u00e1ntar enfatiz\u00f3 que conforme a la estad\u00edstica del INEGI, en nuestro pa\u00eds existen 34 millones de mexicanos que viven en condiciones de hacinamiento, pues sus viviendas registran rezago habitacional ya que fueron construidas con desechos, l\u00e1minas de cart\u00f3n o asbesto, palmas y diversos elementos de baja calidad.<\/p>\n<p>Desde el Congreso del Estado reiter\u00f3 que seguir\u00e1 impulsando acuerdos en coordinaci\u00f3n con el Grupo Parlamentario del PRD en la LXXIII Legislatura Local, encaminados al desarrollo y progreso de las y los michoacanos.<\/p>\n","protected":false},"excerpt":{"rendered":"<p>Morelia; Michoac\u00e1n, 02 de julio de 2017.- M\u00e9xico y estados como Michoac\u00e1n deben apostar al impulso de ciudades humanizadas, en donde las viviendas trasciendan la l\u00f3gica de la funcionalidad y den pie al desarrollo arm\u00f3nico de quienes las habitan, subray\u00f3 la legisladora Jeovana Alc\u00e1ntar Baca, presidenta de la Comisi\u00f3n de Fortalecimiento Municipal y L\u00edmites Territoriales [&hellip;]<\/p>\n","protected":false},"author":2,"featured_media":39089,"comment_status":"closed","ping_status":"closed","sticky":false,"template":"","format":"standard","meta":{"footnotes":""},"categories":[6,14,19],"tags":[],"class_list":["post-39088","post","type-post","status-publish","format-standard","has-post-thumbnail","hentry","category-congreso-del-estado","category-destacadas","category-grupo-parlamentario-del-prd"],"_links":{"self":[{"href":"https:\/\/radiowebmx.com\/nota\/wp-json\/wp\/v2\/posts\/39088","targetHints":{"allow":["GET"]}}],"collection":[{"href":"https:\/\/radiowebmx.com\/nota\/wp-json\/wp\/v2\/posts"}],"about":[{"href":"https:\/\/radiowebmx.com\/nota\/wp-json\/wp\/v2\/types\/post"}],"author":[{"embeddable":true,"href":"https:\/\/radiowebmx.com\/nota\/wp-json\/wp\/v2\/users\/2"}],"replies":[{"embeddable":true,"href":"https:\/\/radiowebmx.com\/nota\/wp-json\/wp\/v2\/comments?post=39088"}],"version-history":[{"count":1,"href":"https:\/\/radiowebmx.com\/nota\/wp-json\/wp\/v2\/posts\/39088\/revisions"}],"predecessor-version":[{"id":39090,"href":"https:\/\/radiowebmx.com\/nota\/wp-json\/wp\/v2\/posts\/39088\/revisions\/39090"}],"wp:featuredmedia":[{"embeddable":true,"href":"https:\/\/radiowebmx.com\/nota\/wp-json\/wp\/v2\/media\/39089"}],"wp:attachment":[{"href":"https:\/\/radiowebmx.com\/nota\/wp-json\/wp\/v2\/media?parent=39088"}],"wp:term":[{"taxonomy":"category","embeddable":true,"href":"https:\/\/radiowebmx.com\/nota\/wp-json\/wp\/v2\/categories?post=39088"},{"taxonomy":"post_tag","embeddable":true,"href":"https:\/\/radiowebmx.com\/nota\/wp-json\/wp\/v2\/tags?post=39088"}],"curies":[{"name":"wp","href":"https:\/\/api.w.org\/{rel}","templated":true}]}}