{"id":39085,"date":"2017-07-02T13:05:35","date_gmt":"2017-07-02T18:05:35","guid":{"rendered":"https:\/\/radiowebmx.com\/nota\/?p=39085"},"modified":"2017-07-03T12:06:39","modified_gmt":"2017-07-03T17:06:39","slug":"racionalidad-orden-y-transparencia-en-salarios-de-funcionarios-publicos-carlos-quintana","status":"publish","type":"post","link":"https:\/\/radiowebmx.com\/nota\/racionalidad-orden-y-transparencia-en-salarios-de-funcionarios-publicos-carlos-quintana\/","title":{"rendered":"Racionalidad, orden y transparencia en salarios de funcionarios p\u00fablicos: Carlos Quintana"},"content":{"rendered":"<p>El coordinador de la bancada del PAN en el Congreso local, reiter\u00f3 la urgencia de que se apruebe la nueva Ley de Remuneraciones de los Servidores P\u00fablicos<\/p>\n<p>Morelia; Michoac\u00e1n, 24 de junio de 2017.- La funci\u00f3n p\u00fablica en Michoac\u00e1n y en todo nuestro pa\u00eds, ha perdido su principal objetivo de servir a los ciudadanos y no de servirse de los ciudadanos, por eso y como parte de este compromiso asumido por Acci\u00f3n Nacional para poner orden en el manejo de los dineros p\u00fablicos, es de suma importancia que se apruebe la nueva Ley de Remuneraciones de los Servidores P\u00fablicos del Estado de Michoac\u00e1n.<\/p>\n<p>As\u00ed lo expuso el coordinador de la bancada panista en el Congreso local, Carlos Quintana Mart\u00ednez, quien reconoci\u00f3 que los salarios de muchos funcionarios del Estado, se han alejado de la realidad que viven y padecen miles de ciudadanos ante la crisis generalizada que vive nuestro pa\u00eds.<\/p>\n<p>Sin duda, \u201cla falta de orden y los elevad\u00edsimos salarios de muchos funcionarios estatales y municipales, han abonado a los boquetes financieros interminables en nuestro estado\u201d, se\u00f1al\u00f3 Quintana Mart\u00ednez, por lo que con esta nueva legislaci\u00f3n en la materia, propone que las remuneraciones de todos los servidores p\u00fablicos sean proporcionales al nivel de responsabilidad que conlleva su cargo, as\u00ed como a la capacidad financiera del Estado.<\/p>\n<p>Asimismo, que se establezca en un tabulador, los montos m\u00ednimos y m\u00e1ximos de salarios por nivel jer\u00e1rquico de responsabilidad; que se formulen indicadores de los municipios para determinar cu\u00e1nto puede pagar un municipio a su alcalde y a todo el organigrama del ayuntamiento.<\/p>\n<p>\u201cVemos historias en nuestro estado, de alcaldes y s\u00edndicos que ganan m\u00e1s que el gobernador; alcaldes de municipios peque\u00f1os, que padecen deficiencias importantes en servicios tan b\u00e1sicos como el agua, la luz o la pavimentaci\u00f3n de las calles, mientras que ellos ganan m\u00e1s de 100 mil pesos\u201d, indic\u00f3 el legislador local.<\/p>\n<p>A ello, el coordinador parlamentario se\u00f1al\u00f3 que con esta propuesta, todas las prestaciones y otros beneficios laborales o econ\u00f3micos para los servidores p\u00fablicos deber\u00e1n ser proporcionales, equitativas y transparentes: \u201cvamos a terminar con los privilegios, la discrecionalidad y la opacidad en el manejo de los recursos p\u00fablicos\u201d.<\/p>\n<p>Finalmente, Carlos Quintana Mart\u00ednez, llam\u00f3 a quienes ostentan un cargo p\u00fablico, a tomar acciones que devuelvan la confianza a los ciudadanos en sus instituciones e impulsar juntos un cambio efectivo y de fondo, que le devuelva a los michoacanos la estabilidad y el bienestar que merecen.<\/p>\n","protected":false},"excerpt":{"rendered":"<p>El coordinador de la bancada del PAN en el Congreso local, reiter\u00f3 la urgencia de que se apruebe la nueva Ley de Remuneraciones de los Servidores P\u00fablicos Morelia; Michoac\u00e1n, 24 de junio de 2017.- La funci\u00f3n p\u00fablica en Michoac\u00e1n y en todo nuestro pa\u00eds, ha perdido su principal objetivo de servir a los ciudadanos y [&hellip;]<\/p>\n","protected":false},"author":2,"featured_media":39086,"comment_status":"closed","ping_status":"closed","sticky":false,"template":"","format":"standard","meta":{"footnotes":""},"categories":[6,14,8],"tags":[],"class_list":["post-39085","post","type-post","status-publish","format-standard","has-post-thumbnail","hentry","category-congreso-del-estado","category-destacadas","category-grupo-parlamentario-del-pan"],"_links":{"self":[{"href":"https:\/\/radiowebmx.com\/nota\/wp-json\/wp\/v2\/posts\/39085","targetHints":{"allow":["GET"]}}],"collection":[{"href":"https:\/\/radiowebmx.com\/nota\/wp-json\/wp\/v2\/posts"}],"about":[{"href":"https:\/\/radiowebmx.com\/nota\/wp-json\/wp\/v2\/types\/post"}],"author":[{"embeddable":true,"href":"https:\/\/radiowebmx.com\/nota\/wp-json\/wp\/v2\/users\/2"}],"replies":[{"embeddable":true,"href":"https:\/\/radiowebmx.com\/nota\/wp-json\/wp\/v2\/comments?post=39085"}],"version-history":[{"count":1,"href":"https:\/\/radiowebmx.com\/nota\/wp-json\/wp\/v2\/posts\/39085\/revisions"}],"predecessor-version":[{"id":39087,"href":"https:\/\/radiowebmx.com\/nota\/wp-json\/wp\/v2\/posts\/39085\/revisions\/39087"}],"wp:featuredmedia":[{"embeddable":true,"href":"https:\/\/radiowebmx.com\/nota\/wp-json\/wp\/v2\/media\/39086"}],"wp:attachment":[{"href":"https:\/\/radiowebmx.com\/nota\/wp-json\/wp\/v2\/media?parent=39085"}],"wp:term":[{"taxonomy":"category","embeddable":true,"href":"https:\/\/radiowebmx.com\/nota\/wp-json\/wp\/v2\/categories?post=39085"},{"taxonomy":"post_tag","embeddable":true,"href":"https:\/\/radiowebmx.com\/nota\/wp-json\/wp\/v2\/tags?post=39085"}],"curies":[{"name":"wp","href":"https:\/\/api.w.org\/{rel}","templated":true}]}}