{"id":39079,"date":"2017-06-30T19:06:04","date_gmt":"2017-07-01T00:06:04","guid":{"rendered":"https:\/\/radiowebmx.com\/nota\/?p=39079"},"modified":"2017-07-03T12:04:03","modified_gmt":"2017-07-03T17:04:03","slug":"en-temporada-de-lluvias-necesario-tomar-medidas-en-cuidado-de-salud-jaime-hinojosa","status":"publish","type":"post","link":"https:\/\/radiowebmx.com\/nota\/en-temporada-de-lluvias-necesario-tomar-medidas-en-cuidado-de-salud-jaime-hinojosa\/","title":{"rendered":"En temporada de lluvias necesario tomar medidas en cuidado de salud: Jaime Hinojosa"},"content":{"rendered":"<p>Morelia; Michoac\u00e1n, 30 de junio de 2017.-   Frente a las variaciones clim\u00e1ticas y el arribo de la temporada de lluvias, es necesario que los ciudadanos tomen las medidas preventivas necesarias para el cuidado de su salud, apunt\u00f3 el presidente de la Comisi\u00f3n de Salud y Asistencia Social de la LXXIII Legislatura del Congreso del Estado, Jos\u00e9 Jaime Hinojosa Campa.<\/p>\n<p>El legislador por el Distrito de Maravat\u00edo se\u00f1al\u00f3 que en \u00e9poca de lluvias es com\u00fan que se incrementen los casos de gripe o la infecci\u00f3n de enfermedades por picaduras de moscos transmisores como lo es el caso del Dengue, Chikungunya y Paludismo.<\/p>\n<p>\u201cExisten medidas pr\u00e1cticas que podemos tomar desde nuestros hogares y en nuestro cuidado personal para evitar enfermarnos, como lavarse las manos antes y despu\u00e9s de ir al ba\u00f1o, cambiar de inmediato la ropa h\u00fameda en caso de mojarnos, y cubrir nuestra boca o nariz con un pa\u00f1uelo desechable o con el \u00e1ngulo interno del codo al toser o estornudar\u201d.<\/p>\n<p>El legislador de extracci\u00f3n perredista se\u00f1al\u00f3 que otras medidas de prevenci\u00f3n implican el utilizar ba\u00f1os o letrinas para un manejo adecuado de desechos humanos, no utilizar aguas estancadas para consumo o aseo, vigilar la preparaci\u00f3n adecuada de alimentos, deshacerse de cacharros que puedan acumular agua, y colocar telas mosquiteras en puertas y ventanas.<\/p>\n<p>\u201cTambi\u00e9n debemos cuidar que tanto el patio como el techo de nuestra casa est\u00e9n limpios y no acumulen agua, adem\u00e1s de podar la hierba que pueda servir de guarida para los mosquitos transmisores de enfermedades\u201d.<\/p>\n<p>Hinojosa Campa record\u00f3 que entre la poblaci\u00f3n m\u00e1s vulnerable son los ni\u00f1os, lo adultos mayores y las mujeres embarazadas, por lo que deben extremar las precauciones para el cuidado de su salud en esta \u00e9poca del a\u00f1o.<\/p>\n","protected":false},"excerpt":{"rendered":"<p>Morelia; Michoac\u00e1n, 30 de junio de 2017.- Frente a las variaciones clim\u00e1ticas y el arribo de la temporada de lluvias, es necesario que los ciudadanos tomen las medidas preventivas necesarias para el cuidado de su salud, apunt\u00f3 el presidente de la Comisi\u00f3n de Salud y Asistencia Social de la LXXIII Legislatura del Congreso del Estado, [&hellip;]<\/p>\n","protected":false},"author":2,"featured_media":39080,"comment_status":"closed","ping_status":"closed","sticky":false,"template":"","format":"standard","meta":{"footnotes":""},"categories":[6,14,19],"tags":[],"class_list":["post-39079","post","type-post","status-publish","format-standard","has-post-thumbnail","hentry","category-congreso-del-estado","category-destacadas","category-grupo-parlamentario-del-prd"],"_links":{"self":[{"href":"https:\/\/radiowebmx.com\/nota\/wp-json\/wp\/v2\/posts\/39079","targetHints":{"allow":["GET"]}}],"collection":[{"href":"https:\/\/radiowebmx.com\/nota\/wp-json\/wp\/v2\/posts"}],"about":[{"href":"https:\/\/radiowebmx.com\/nota\/wp-json\/wp\/v2\/types\/post"}],"author":[{"embeddable":true,"href":"https:\/\/radiowebmx.com\/nota\/wp-json\/wp\/v2\/users\/2"}],"replies":[{"embeddable":true,"href":"https:\/\/radiowebmx.com\/nota\/wp-json\/wp\/v2\/comments?post=39079"}],"version-history":[{"count":1,"href":"https:\/\/radiowebmx.com\/nota\/wp-json\/wp\/v2\/posts\/39079\/revisions"}],"predecessor-version":[{"id":39081,"href":"https:\/\/radiowebmx.com\/nota\/wp-json\/wp\/v2\/posts\/39079\/revisions\/39081"}],"wp:featuredmedia":[{"embeddable":true,"href":"https:\/\/radiowebmx.com\/nota\/wp-json\/wp\/v2\/media\/39080"}],"wp:attachment":[{"href":"https:\/\/radiowebmx.com\/nota\/wp-json\/wp\/v2\/media?parent=39079"}],"wp:term":[{"taxonomy":"category","embeddable":true,"href":"https:\/\/radiowebmx.com\/nota\/wp-json\/wp\/v2\/categories?post=39079"},{"taxonomy":"post_tag","embeddable":true,"href":"https:\/\/radiowebmx.com\/nota\/wp-json\/wp\/v2\/tags?post=39079"}],"curies":[{"name":"wp","href":"https:\/\/api.w.org\/{rel}","templated":true}]}}