{"id":39073,"date":"2017-06-30T15:55:32","date_gmt":"2017-06-30T20:55:32","guid":{"rendered":"https:\/\/radiowebmx.com\/nota\/?p=39073"},"modified":"2017-07-03T12:01:49","modified_gmt":"2017-07-03T17:01:49","slug":"en-materia-de-alumbrado-publico-que-se-haga-lo-necesario-por-el-bienestar-de-los-morelianos-carlos-quintana","status":"publish","type":"post","link":"https:\/\/radiowebmx.com\/nota\/en-materia-de-alumbrado-publico-que-se-haga-lo-necesario-por-el-bienestar-de-los-morelianos-carlos-quintana\/","title":{"rendered":"En materia de alumbrado p\u00fablico, que se haga lo necesario por el bienestar de los morelianos: Carlos Quintana"},"content":{"rendered":"<p>El coordinador de los diputados del PAN pidi\u00f3 al Ayuntamiento capitalino absoluta transparencia en el Proyecto de Modernizaci\u00f3n del Alumbrado P\u00fablico y que no sean los ciudadanos quienes paguen los platos rotos por un mal proyecto<\/p>\n<p>Morelia; Michoac\u00e1n, 30 de junio de 2017.-   El coordinador de los diputados del PAN en el Congreso local, Carlos Quintana Mart\u00ednez, pidi\u00f3 al Ayuntamiento de Morelia absoluta claridad respecto al Proyecto Integral para la Modernizaci\u00f3n, Mantenimiento, Operaci\u00f3n y Gesti\u00f3n de la Energ\u00eda El\u00e9ctrica del Sistema de Alumbrado P\u00fablico de Morelia, a fin de que \u00e9ste verdaderamente resulte en beneficios para los ciudadanos y no en negocio para algunos particulares.<\/p>\n<p>En este sentido, Quintana Mart\u00ednez reconoci\u00f3 que todo lo que abone al desarrollo integral y mejore las condiciones de seguridad que tanto han lastimado a los morelianos ser\u00e1 respaldado por la bancada panista en el Legislativo; sin embargo y de manera particular este proyecto, deber\u00e1 realizarse ante los ojos de todos para no dar cabida a especulaciones que pudieran entorpecer la viabilidad o no del proyecto.<\/p>\n<p>\u201cNo vamos a ir en contra del desarrollo de la ciudad y de mejores condiciones de vida, pero en lo que no vamos a estar de acuerdo es en que los ciudadanos terminen pagando los platos rotos o las consecuencias de una mala planeaci\u00f3n de \u00e9ste y de varios proyectos que ha realizado el Ayuntamiento\u201d, insisti\u00f3 el diputado local.<\/p>\n<p>A su vez, record\u00f3 que la bancada panista a trav\u00e9s del diputado Eduardo Garc\u00eda Chavira, propuso la eliminaci\u00f3n del Impuesto por Derecho al Alumbrado P\u00fablico (DAP) que cada bimestre pagan los michoacanos en su recibo de luz, por lo que esperar\u00edan que cualquier costo o renovaci\u00f3n del servicio de las luminarias no vaya a generar incrementos en las tarifas que en muchos casos resultan bastante elevadas.<\/p>\n<p>Finalmente, el diputado moreliano indic\u00f3 que desde el Congreso local estar\u00e1n atentos para analizar puntualmente el proyecto que envi\u00f3 el Ayuntamiento a este Poder,  asegur\u00e1ndoles a los ciudadanos que vigilar\u00e1 la transparencia y legalidad de este proyecto, as\u00ed como que cumpla su objetivo de brindarle tranquilidad a las familias que transitan las calles de la capital del estado.   <\/p>\n","protected":false},"excerpt":{"rendered":"<p>El coordinador de los diputados del PAN pidi\u00f3 al Ayuntamiento capitalino absoluta transparencia en el Proyecto de Modernizaci\u00f3n del Alumbrado P\u00fablico y que no sean los ciudadanos quienes paguen los platos rotos por un mal proyecto Morelia; Michoac\u00e1n, 30 de junio de 2017.- El coordinador de los diputados del PAN en el Congreso local, Carlos [&hellip;]<\/p>\n","protected":false},"author":2,"featured_media":39074,"comment_status":"closed","ping_status":"closed","sticky":false,"template":"","format":"standard","meta":{"footnotes":""},"categories":[6,14,8],"tags":[],"class_list":["post-39073","post","type-post","status-publish","format-standard","has-post-thumbnail","hentry","category-congreso-del-estado","category-destacadas","category-grupo-parlamentario-del-pan"],"_links":{"self":[{"href":"https:\/\/radiowebmx.com\/nota\/wp-json\/wp\/v2\/posts\/39073","targetHints":{"allow":["GET"]}}],"collection":[{"href":"https:\/\/radiowebmx.com\/nota\/wp-json\/wp\/v2\/posts"}],"about":[{"href":"https:\/\/radiowebmx.com\/nota\/wp-json\/wp\/v2\/types\/post"}],"author":[{"embeddable":true,"href":"https:\/\/radiowebmx.com\/nota\/wp-json\/wp\/v2\/users\/2"}],"replies":[{"embeddable":true,"href":"https:\/\/radiowebmx.com\/nota\/wp-json\/wp\/v2\/comments?post=39073"}],"version-history":[{"count":1,"href":"https:\/\/radiowebmx.com\/nota\/wp-json\/wp\/v2\/posts\/39073\/revisions"}],"predecessor-version":[{"id":39075,"href":"https:\/\/radiowebmx.com\/nota\/wp-json\/wp\/v2\/posts\/39073\/revisions\/39075"}],"wp:featuredmedia":[{"embeddable":true,"href":"https:\/\/radiowebmx.com\/nota\/wp-json\/wp\/v2\/media\/39074"}],"wp:attachment":[{"href":"https:\/\/radiowebmx.com\/nota\/wp-json\/wp\/v2\/media?parent=39073"}],"wp:term":[{"taxonomy":"category","embeddable":true,"href":"https:\/\/radiowebmx.com\/nota\/wp-json\/wp\/v2\/categories?post=39073"},{"taxonomy":"post_tag","embeddable":true,"href":"https:\/\/radiowebmx.com\/nota\/wp-json\/wp\/v2\/tags?post=39073"}],"curies":[{"name":"wp","href":"https:\/\/api.w.org\/{rel}","templated":true}]}}