{"id":39069,"date":"2017-06-30T15:30:43","date_gmt":"2017-06-30T20:30:43","guid":{"rendered":"https:\/\/radiowebmx.com\/nota\/?p=39069"},"modified":"2017-07-03T12:00:25","modified_gmt":"2017-07-03T17:00:25","slug":"una-semana-mas-el-plazo-para-recibir-propuestas-en-quinto-parlamento-juvenil-2","status":"publish","type":"post","link":"https:\/\/radiowebmx.com\/nota\/una-semana-mas-el-plazo-para-recibir-propuestas-en-quinto-parlamento-juvenil-2\/","title":{"rendered":"Una semana m\u00e1s, el plazo para recibir propuestas en Quinto Parlamento Juvenil"},"content":{"rendered":"<p>   Para que m\u00e1s j\u00f3venes participen con sus propuestas, el Comit\u00e9 Organizador que encabeza Wilfrido L\u00e1zaro Medina determin\u00f3 ampliar el plazo en que se recibir\u00e1n los trabajos en las dos categor\u00edas. <\/p>\n<p>Morelia; Michoac\u00e1n, 30 de junio de 2017.-   Con la finalidad  de que m\u00e1s j\u00f3venes puedan sumarse con sus aportaciones y trabajos al Quinto Parlamento Juvenil, el Comit\u00e9 Organizador que encabeza el diputado del PRI, Wilfrido L\u00e1zaro Medina, determin\u00f3 extender los tiempos para que hagan llegar  sus propuestas del a m\u00e1s tardar el 10 de julio. Lo anterior derivado de el n\u00famero de j\u00f3venes que han solicitado apoyo y asesor\u00eda.<br \/>\n<a href=\"https:\/\/radiowebmx.com\/nota\/wp-content\/uploads\/2017\/07\/Comunicado-906-1.jpg\"><img loading=\"lazy\" decoding=\"async\" src=\"https:\/\/radiowebmx.com\/nota\/wp-content\/uploads\/2017\/07\/Comunicado-906-1-595x311.jpg\" alt=\"\" width=\"595\" height=\"311\" class=\"alignnone size-medium wp-image-39071\" srcset=\"https:\/\/radiowebmx.com\/nota\/wp-content\/uploads\/2017\/07\/Comunicado-906-1-595x311.jpg 595w, https:\/\/radiowebmx.com\/nota\/wp-content\/uploads\/2017\/07\/Comunicado-906-1.jpg 709w\" sizes=\"auto, (max-width: 595px) 100vw, 595px\" \/><\/a><\/p>\n<p>Otro acuerdo del Comit\u00e9 organizador que ha sesionado una vez por semana, fue la determinaci\u00f3n de un reconocimiento adicional a la participaci\u00f3n en el Parlamento Juvenil por medio de un certificado con valor de diez mil pesos a canjear en una tienda de prestigio de art\u00edculos de computaci\u00f3n y comunicaciones en la que podr\u00e1n escoger el o los art\u00edculos que les sean m\u00e1s \u00fatiles. <\/p>\n<p>La inscripci\u00f3n y la entrega de los documentos se podr\u00e1 realizar de manera presencial en un horario de 9:00 a 15:00 horas, de lunes a viernes, en las instalaciones del Instituto de Investigaciones y Estudios Legislativos del Congreso del Estado de Michoac\u00e1n de Ocampo, Av. Morelos Norte No. 82, esquina con Aquiles Serd\u00e1n, o de manera electr\u00f3nica al correo:5parlamentojuvenil@gmail.com <\/p>\n<p>El diputado del PRI, Wilfrido L\u00e1zaro Medina, Presidente del Comit\u00e9 Organizador de este evento que tendr\u00e1 verificativo del d\u00eda 30 de agosto al 1 de septiembre del 2017, en las instalaciones del Congreso del Estado, precis\u00f3 que adem\u00e1s los j\u00f3venes que as\u00ed lo han solicitado, contaron  con asesor\u00eda de los especialistas del  Instituto de Estudios Legislativos a fin de entregar trabajos de los temas que les preocupan en el estado y que se encuentran en la convocatoria. <\/p>\n<p>Sostuvo que se ha priorizado generar un espacio de expresi\u00f3n y exposici\u00f3n de ideas, en donde se cuente con la participaci\u00f3n, discusi\u00f3n, debate, an\u00e1lisis y propuesta, de los j\u00f3venes michoacanos  quienes buscan incidir en la agenda p\u00fablica a trav\u00e9s de sus propuestas. <\/p>\n<p>Cabe destacar que al momento del registro se les proporciona a los participantes una clave \u00fanica de registro.  <\/p>\n<p>Asimismo, la recepci\u00f3n continuar\u00e1 con normalidad y con fecha l\u00edmite el d\u00eda 10 de julio de 2017. <\/p>\n<p>El Jurado emitir\u00e1 su veredicto a m\u00e1s tardar el d\u00eda 2 de agosto del 2017, conforme a los aspectos contenidos en la convocatoria y el Reglamento para la Selecci\u00f3n, Integraci\u00f3n y Funcionamiento del Parlamento Juvenil del Estado  de Michoac\u00e1n  y cualquier caso no previsto en la convocatoria ser\u00e1 resuelto por el Comit\u00e9 Organizador, como ha sido el caso de la ampliaci\u00f3n del plazo a partir de la solicitud de un grupo de j\u00f3venes que viene trabajando en sus iniciativas al mismo tiempo que en el cierre de su ciclo escolar y por esa causa su solicitud.<\/p>\n","protected":false},"excerpt":{"rendered":"<p>Para que m\u00e1s j\u00f3venes participen con sus propuestas, el Comit\u00e9 Organizador que encabeza Wilfrido L\u00e1zaro Medina determin\u00f3 ampliar el plazo en que se recibir\u00e1n los trabajos en las dos categor\u00edas. Morelia; Michoac\u00e1n, 30 de junio de 2017.- Con la finalidad de que m\u00e1s j\u00f3venes puedan sumarse con sus aportaciones y trabajos al Quinto Parlamento Juvenil, [&hellip;]<\/p>\n","protected":false},"author":2,"featured_media":39070,"comment_status":"closed","ping_status":"closed","sticky":false,"template":"","format":"standard","meta":{"footnotes":""},"categories":[6,14,7],"tags":[],"class_list":["post-39069","post","type-post","status-publish","format-standard","has-post-thumbnail","hentry","category-congreso-del-estado","category-destacadas","category-grupo-parlamentario-del-pri"],"_links":{"self":[{"href":"https:\/\/radiowebmx.com\/nota\/wp-json\/wp\/v2\/posts\/39069","targetHints":{"allow":["GET"]}}],"collection":[{"href":"https:\/\/radiowebmx.com\/nota\/wp-json\/wp\/v2\/posts"}],"about":[{"href":"https:\/\/radiowebmx.com\/nota\/wp-json\/wp\/v2\/types\/post"}],"author":[{"embeddable":true,"href":"https:\/\/radiowebmx.com\/nota\/wp-json\/wp\/v2\/users\/2"}],"replies":[{"embeddable":true,"href":"https:\/\/radiowebmx.com\/nota\/wp-json\/wp\/v2\/comments?post=39069"}],"version-history":[{"count":1,"href":"https:\/\/radiowebmx.com\/nota\/wp-json\/wp\/v2\/posts\/39069\/revisions"}],"predecessor-version":[{"id":39072,"href":"https:\/\/radiowebmx.com\/nota\/wp-json\/wp\/v2\/posts\/39069\/revisions\/39072"}],"wp:featuredmedia":[{"embeddable":true,"href":"https:\/\/radiowebmx.com\/nota\/wp-json\/wp\/v2\/media\/39070"}],"wp:attachment":[{"href":"https:\/\/radiowebmx.com\/nota\/wp-json\/wp\/v2\/media?parent=39069"}],"wp:term":[{"taxonomy":"category","embeddable":true,"href":"https:\/\/radiowebmx.com\/nota\/wp-json\/wp\/v2\/categories?post=39069"},{"taxonomy":"post_tag","embeddable":true,"href":"https:\/\/radiowebmx.com\/nota\/wp-json\/wp\/v2\/tags?post=39069"}],"curies":[{"name":"wp","href":"https:\/\/api.w.org\/{rel}","templated":true}]}}