{"id":39066,"date":"2017-06-30T14:53:38","date_gmt":"2017-06-30T19:53:38","guid":{"rendered":"https:\/\/radiowebmx.com\/nota\/?p=39066"},"modified":"2017-07-03T11:58:32","modified_gmt":"2017-07-03T16:58:32","slug":"revisa-yarabi-avila-acciones-para-el-combate-a-la-obesidad","status":"publish","type":"post","link":"https:\/\/radiowebmx.com\/nota\/revisa-yarabi-avila-acciones-para-el-combate-a-la-obesidad\/","title":{"rendered":"Revisa Yarab\u00ed \u00c1vila acciones para el combate a la obesidad"},"content":{"rendered":"<p>  La diputada del PRI, dio seguimiento al exhorto realizado a la Secretar\u00eda de Educaci\u00f3n y Salud, para atender la obesidad que se ha constituido en un problema de salud p\u00fablica. <\/p>\n<p>Morelia; Michoac\u00e1n, 30 de junio de 2017.-   En seguimiento al exhorto realizado a la Secretar\u00eda de Educaci\u00f3n y de Salud en el Estado para atender la obesidad en los ni\u00f1os michoacanos, la diputada del PRI, Yarab\u00ed \u00c1vila Gonz\u00e1lez sostuvo un encuentro con integrantes de ambas dependencias, con el prop\u00f3sito de revisar programas, esquemas y acciones que de manera conjunta se realizan para atender este problema de salud p\u00fablica. <\/p>\n<p>La diputada por el Distrito 10 de Morelia Noroeste, en d\u00edas pasados present\u00f3 ante el Pleno del Congreso del Estado el punto de acuerdo mediante el cual se  exhorta al titular del Poder Ejecutivo Estatal, para que instruya al titular de la Secretaria de Salud y al titular de la Secretaria de Educaci\u00f3n en el Estado, con el objetivo de  que implementen campa\u00f1as de prevenci\u00f3n, vigilancia y prohibici\u00f3n de productos que contribuyan a la obesidad infantil en los centros escolares, misma que fue avalada por la mayor\u00eda parlamentaria. <\/p>\n<p>La diputada del PRI enfatiz\u00f3 que el sobrepeso, la obesidad y las enfermedades no transmisibles conexas son en gran medida prevenibles, pero de no prevenirse a tiempo, constituyen un gran problema de salud p\u00fablica. <\/p>\n<p>Indic\u00f3 que en el Distrito 10 el cual representa, se han realizado acciones tendientes a la prevenci\u00f3n de la obesidad y en generar una cultura del buen comer entre los habitantes de esta zona de Morelia, la intenci\u00f3n, dijo, es incidir de manera positiva en la generaci\u00f3n de h\u00e1bitos saludables que promueven el deporte entre los ni\u00f1os y los padres de familia, as\u00ed como una sana alimentaci\u00f3n. <\/p>\n<p>La diputada record\u00f3 que de no prevenirse la obesidad, las enfermedades derivadas de esta a largo plazo,  representaran un costo insostenible para el sistema de salud p\u00fablica, por lo que subray\u00f3 que cada uno desde su trinchera debe hacer lo propio para reforzar las acciones que promueven una vida sana entre las familias michoacanas. <\/p>\n<p>\u00c1vila Gonz\u00e1lez reiter\u00f3 la invitaci\u00f3n a los habitantes de su Distrito para acercarse a la Casa de Enlace y conocer las asesor\u00edas en materia nutricional de manera gratuita se ofrecen, as\u00ed como los talleres y  deportes que se promueven entres los ni\u00f1os y ni\u00f1as.<\/p>\n","protected":false},"excerpt":{"rendered":"<p>La diputada del PRI, dio seguimiento al exhorto realizado a la Secretar\u00eda de Educaci\u00f3n y Salud, para atender la obesidad que se ha constituido en un problema de salud p\u00fablica. Morelia; Michoac\u00e1n, 30 de junio de 2017.- En seguimiento al exhorto realizado a la Secretar\u00eda de Educaci\u00f3n y de Salud en el Estado para atender [&hellip;]<\/p>\n","protected":false},"author":2,"featured_media":39067,"comment_status":"closed","ping_status":"closed","sticky":false,"template":"","format":"standard","meta":{"footnotes":""},"categories":[6,14,7],"tags":[],"class_list":["post-39066","post","type-post","status-publish","format-standard","has-post-thumbnail","hentry","category-congreso-del-estado","category-destacadas","category-grupo-parlamentario-del-pri"],"_links":{"self":[{"href":"https:\/\/radiowebmx.com\/nota\/wp-json\/wp\/v2\/posts\/39066","targetHints":{"allow":["GET"]}}],"collection":[{"href":"https:\/\/radiowebmx.com\/nota\/wp-json\/wp\/v2\/posts"}],"about":[{"href":"https:\/\/radiowebmx.com\/nota\/wp-json\/wp\/v2\/types\/post"}],"author":[{"embeddable":true,"href":"https:\/\/radiowebmx.com\/nota\/wp-json\/wp\/v2\/users\/2"}],"replies":[{"embeddable":true,"href":"https:\/\/radiowebmx.com\/nota\/wp-json\/wp\/v2\/comments?post=39066"}],"version-history":[{"count":1,"href":"https:\/\/radiowebmx.com\/nota\/wp-json\/wp\/v2\/posts\/39066\/revisions"}],"predecessor-version":[{"id":39068,"href":"https:\/\/radiowebmx.com\/nota\/wp-json\/wp\/v2\/posts\/39066\/revisions\/39068"}],"wp:featuredmedia":[{"embeddable":true,"href":"https:\/\/radiowebmx.com\/nota\/wp-json\/wp\/v2\/media\/39067"}],"wp:attachment":[{"href":"https:\/\/radiowebmx.com\/nota\/wp-json\/wp\/v2\/media?parent=39066"}],"wp:term":[{"taxonomy":"category","embeddable":true,"href":"https:\/\/radiowebmx.com\/nota\/wp-json\/wp\/v2\/categories?post=39066"},{"taxonomy":"post_tag","embeddable":true,"href":"https:\/\/radiowebmx.com\/nota\/wp-json\/wp\/v2\/tags?post=39066"}],"curies":[{"name":"wp","href":"https:\/\/api.w.org\/{rel}","templated":true}]}}