{"id":39060,"date":"2017-06-30T18:16:01","date_gmt":"2017-06-30T23:16:01","guid":{"rendered":"https:\/\/radiowebmx.com\/nota\/?p=39060"},"modified":"2017-07-03T11:49:51","modified_gmt":"2017-07-03T16:49:51","slug":"de-manera-coordinada-atendemos-las-necesidades-de-los-municipios-silvano-aureoles","status":"publish","type":"post","link":"https:\/\/radiowebmx.com\/nota\/de-manera-coordinada-atendemos-las-necesidades-de-los-municipios-silvano-aureoles\/","title":{"rendered":"De manera coordinada atendemos las necesidades de los municipios: Silvano Aureoles"},"content":{"rendered":"<p>El Gobernador Silvano Aureoles inaugura y pone en marcha obras por m\u00e1s de 11 mdp en el municipio de Taretan.<\/p>\n<p>Taretan, Michoac\u00e1n, a 30 de junio de 2017.- Para obtener y lograr mayores obras y acciones sociales en beneficio de las y los michoacanos, los tres \u00f3rdenes de Gobierno trabajamos de manera coordinada, afirm\u00f3 el Gobernador Constitucional Silvano Aureoles Conejo, pues se\u00f1al\u00f3 que el objetivo com\u00fan es el generar bienestar, desarrollo, empleos y mejor seguridad.<br \/>\n<a href=\"https:\/\/radiowebmx.com\/nota\/wp-content\/uploads\/2017\/07\/bbe4faa9-367c-45f4-82a6-f76bb61c064f.jpeg\"><img loading=\"lazy\" decoding=\"async\" src=\"https:\/\/radiowebmx.com\/nota\/wp-content\/uploads\/2017\/07\/bbe4faa9-367c-45f4-82a6-f76bb61c064f-595x396.jpeg\" alt=\"\" width=\"595\" height=\"396\" class=\"alignnone size-medium wp-image-39062\" srcset=\"https:\/\/radiowebmx.com\/nota\/wp-content\/uploads\/2017\/07\/bbe4faa9-367c-45f4-82a6-f76bb61c064f-595x396.jpeg 595w, https:\/\/radiowebmx.com\/nota\/wp-content\/uploads\/2017\/07\/bbe4faa9-367c-45f4-82a6-f76bb61c064f-272x182.jpeg 272w, https:\/\/radiowebmx.com\/nota\/wp-content\/uploads\/2017\/07\/bbe4faa9-367c-45f4-82a6-f76bb61c064f.jpeg 709w\" sizes=\"auto, (max-width: 595px) 100vw, 595px\" \/><\/a><br \/>\nEn el marco de la gira de trabajo que sostuvo en el municipio de Taretan, en donde inaugur\u00f3 la primera etapa y arranque de la segunda etapa de la continuaci\u00f3n de construcci\u00f3n del camino CBTA &#8211; Terrenate, y oficializ\u00f3 la apertura de dos comedores escolares en el Jard\u00edn de Ni\u00f1os &#8220;Lucas Ortiz Ben\u00edtez&#8221; y la Escuela Primaria &#8220;Melchor Ocampo&#8221;, por m\u00e1s de 11 millones de pesos, el mandatario estatal destac\u00f3 que cada una de las acciones que se ponen en marcha son una muestra clara del trabajo y la buena relaci\u00f3n que existe entre las autoridades.<\/p>\n<p>Ante los alumnos de la Escuela Primaria &#8220;Melchor Ocampo&#8221;, Silvano Aureoles record\u00f3 que fue a partir de esta administraci\u00f3n cuando se inici\u00f3 el programa de rehabilitaci\u00f3n integral de la infraestructura educativa, ya que se busca que las actuales y futuras generaciones tengan las mejores condiciones para desarrollarse.<\/p>\n<p>Aureoles Conejo se comprometi\u00f3 a seguir realizando las gestiones necesarias ante el Gobierno de la Rep\u00fablica, ya que refiri\u00f3 por ninguna circunstancia las acciones sociales y obras deben detenerse.<\/p>\n<p>\u201cEn medio de las carencias, debemos aprovechar de manera adecuada los recursos econ\u00f3micos. En Michoac\u00e1n trabajamos para que haya bienestar, desarrollo, mejores condiciones econ\u00f3micas y de seguridad\u201d.<\/p>\n<p>Finalmente, se comprometi\u00f3 para resolver las necesidades del Jard\u00edn de Ni\u00f1os &#8220;Lucas Ortiz Ben\u00edtez&#8221; y la Escuela Primaria &#8220;Melchor Ocampo&#8221;, las cuales consisten en la culminaci\u00f3n de la techumbre y remodelaci\u00f3n de la cancha de usos m\u00faltiples, as\u00ed como la rehabilitaci\u00f3n de una cisterna y cerco perimetral.<\/p>\n<p>Asimismo, con el municipio adelant\u00f3 que en breve enviar\u00e1 una ambulancia y una unidad para el transporte para personas con alg\u00fan tipo de discapacidad.<\/p>\n<p>En su oportunidad, el presidente municipal de Taretan, Alejandro Ch\u00e1vez Zavala, se comprometi\u00f3 a trabajar de la mano con el Gobernador Silvano Aureoles &#8220;para sumar esfuerzos y as\u00ed salir adelante en beneficio de los ciudadanos&#8221;.<\/p>\n<p>Aplaudi\u00f3 la determinaci\u00f3n del Gobierno del Estado para invertir en obras que generen mejores condiciones de vida.<\/p>\n<p>La directora de la Escuela Primaria \u201cMelchor Ocampo\u201d, Guadalupe Moreno Heredia, agradeci\u00f3 los trabajos realizados en las instituciones educativas, pues dijo traer\u00e1n un gran beneficio para los alumnos, ya que destac\u00f3 que en m\u00e1s de 50 a\u00f1os no hab\u00edan recibido ning\u00fan tipo de rehabilitaci\u00f3n.<\/p>\n<p>Es importante destacar que en la inauguraci\u00f3n de la primera etapa del camino CBTA &#8211; Terrenate, v\u00eda que se ubica en la comunidad de Terrenate, se invirtieron 7 millones 800 mil pesos en una longitud de un kil\u00f3metro 400 metros; mientras que en el inicio de la segunda etapa, se requerir\u00e1n 3 millones de pesos para concluir un tramo de 400 metros.<\/p>\n<p>Con respecto a los dos comedores escolares, se destinaron 872 mil pesos; espacios en las que m\u00e1s de 300 ni\u00f1os recibir\u00e1n alimentos gratuitos, lo que abonar\u00e1 en su formaci\u00f3n.<\/p>\n<p>Estuvieron presentes en esta gira de trabajo el secretario de Comunicaciones y Obras P\u00fablicas, Jos\u00e9 Juan Dom\u00ednguez L\u00f3pez; la coordinadora de Atenci\u00f3n Ciudadana, Elena Vega Uribe; el titular de la Comisi\u00f3n Coordinadora del Transporte P\u00fablico y enlace del Gobierno del Estado en Taretan, Marco Antonio Lagunas V\u00e1zquez; el delegado de la Comisi\u00f3n Nacional para el Desarrollo de los Pueblos Ind\u00edgenas y enlace del Gobierno Federal en la regi\u00f3n, Rafael Mu\u00f1iz Cruz; los diputados local y federal Socorro de la Luz Quintana Le\u00f3n y \u00c1ngel Alan\u00eds Pedraza, as\u00ed como diversas autoridades estatales y municipales.<\/p>\n","protected":false},"excerpt":{"rendered":"<p>El Gobernador Silvano Aureoles inaugura y pone en marcha obras por m\u00e1s de 11 mdp en el municipio de Taretan. Taretan, Michoac\u00e1n, a 30 de junio de 2017.- Para obtener y lograr mayores obras y acciones sociales en beneficio de las y los michoacanos, los tres \u00f3rdenes de Gobierno trabajamos de manera coordinada, afirm\u00f3 el [&hellip;]<\/p>\n","protected":false},"author":2,"featured_media":39061,"comment_status":"closed","ping_status":"closed","sticky":false,"template":"","format":"standard","meta":{"footnotes":""},"categories":[14,3,60],"tags":[],"class_list":["post-39060","post","type-post","status-publish","format-standard","has-post-thumbnail","hentry","category-destacadas","category-gobierno-del-estado-de-michoacan","category-michoacan"],"_links":{"self":[{"href":"https:\/\/radiowebmx.com\/nota\/wp-json\/wp\/v2\/posts\/39060","targetHints":{"allow":["GET"]}}],"collection":[{"href":"https:\/\/radiowebmx.com\/nota\/wp-json\/wp\/v2\/posts"}],"about":[{"href":"https:\/\/radiowebmx.com\/nota\/wp-json\/wp\/v2\/types\/post"}],"author":[{"embeddable":true,"href":"https:\/\/radiowebmx.com\/nota\/wp-json\/wp\/v2\/users\/2"}],"replies":[{"embeddable":true,"href":"https:\/\/radiowebmx.com\/nota\/wp-json\/wp\/v2\/comments?post=39060"}],"version-history":[{"count":1,"href":"https:\/\/radiowebmx.com\/nota\/wp-json\/wp\/v2\/posts\/39060\/revisions"}],"predecessor-version":[{"id":39063,"href":"https:\/\/radiowebmx.com\/nota\/wp-json\/wp\/v2\/posts\/39060\/revisions\/39063"}],"wp:featuredmedia":[{"embeddable":true,"href":"https:\/\/radiowebmx.com\/nota\/wp-json\/wp\/v2\/media\/39061"}],"wp:attachment":[{"href":"https:\/\/radiowebmx.com\/nota\/wp-json\/wp\/v2\/media?parent=39060"}],"wp:term":[{"taxonomy":"category","embeddable":true,"href":"https:\/\/radiowebmx.com\/nota\/wp-json\/wp\/v2\/categories?post=39060"},{"taxonomy":"post_tag","embeddable":true,"href":"https:\/\/radiowebmx.com\/nota\/wp-json\/wp\/v2\/tags?post=39060"}],"curies":[{"name":"wp","href":"https:\/\/api.w.org\/{rel}","templated":true}]}}