{"id":39045,"date":"2017-06-30T21:22:28","date_gmt":"2017-07-01T02:22:28","guid":{"rendered":"https:\/\/radiowebmx.com\/nota\/?p=39045"},"modified":"2017-07-03T11:42:52","modified_gmt":"2017-07-03T16:42:52","slug":"gerencia-del-patrimonio-cultural-refuerza-estrategia-de-rescate-de-barrios-en-morelia","status":"publish","type":"post","link":"https:\/\/radiowebmx.com\/nota\/gerencia-del-patrimonio-cultural-refuerza-estrategia-de-rescate-de-barrios-en-morelia\/","title":{"rendered":"Gerencia del Patrimonio Cultural refuerza estrategia de rescate de barrios en Morelia"},"content":{"rendered":"<p>*El Titular Gaspar Hern\u00e1ndez Razo encabez\u00f3 el arranque del programa de rescate de la Plaza San Juan.<\/p>\n<p>                                                                           Morelia, Mich a 30 de Junio del 2017.<br \/>\n                                                                                                             BOLETIN 2017.<\/p>\n<p>Para el Gobierno Municipal Independiente que encabeza el Alcalde, Alfonso Mart\u00ednez Alc\u00e1zar, resulta indispensable establecer estrategias de rescate de barrios y sitios, en especial en la zona Centro de la Capital Michoacana, con el objetivo de resguardar y promover los lugares m\u00e1s significativos de la misma, al tiempo que se mejora la seguridad con el embellecimiento de estos sitios.<br \/>\n<a href=\"https:\/\/radiowebmx.com\/nota\/wp-content\/uploads\/2017\/07\/fa2be507-c4db-4d60-98f5-1e2b35d0d61f.jpeg\"><img loading=\"lazy\" decoding=\"async\" src=\"https:\/\/radiowebmx.com\/nota\/wp-content\/uploads\/2017\/07\/fa2be507-c4db-4d60-98f5-1e2b35d0d61f-595x396.jpeg\" alt=\"\" width=\"595\" height=\"396\" class=\"alignnone size-medium wp-image-39047\" srcset=\"https:\/\/radiowebmx.com\/nota\/wp-content\/uploads\/2017\/07\/fa2be507-c4db-4d60-98f5-1e2b35d0d61f-595x396.jpeg 595w, https:\/\/radiowebmx.com\/nota\/wp-content\/uploads\/2017\/07\/fa2be507-c4db-4d60-98f5-1e2b35d0d61f-272x182.jpeg 272w, https:\/\/radiowebmx.com\/nota\/wp-content\/uploads\/2017\/07\/fa2be507-c4db-4d60-98f5-1e2b35d0d61f.jpeg 709w\" sizes=\"auto, (max-width: 595px) 100vw, 595px\" \/><\/a><br \/>\nCon esta premisa, el Gerente del Patrimonio Cultural de Morelia, Gaspar Hern\u00e1ndez Razo, encabez\u00f3 la 4\u00aa jornada del 2017 del Programa de Rescate de Barrios, que para esta ocasi\u00f3n encamin\u00f3 sus esfuerzos al mejoramiento integral de la Plaza San Juan, en una jornada que incluy\u00f3 convivencia, rondalla, una callejoneada y la integraci\u00f3n de un comit\u00e9 de comerciantes del Mercado del lugar, con los cuales la Gerencia establecer\u00e1 una agenda de necesidades de mejoramiento en la Plaza, mismas que deber\u00e1n gestarse en un m\u00e1ximo de 15 d\u00edas.<\/p>\n<p>Al respecto Hern\u00e1ndez Razo explic\u00f3 que este esfuerzo tiene entre sus objetivos, recordar el valor hist\u00f3rico de plazas y sitios tradicionales de la ciudad fomentando el respeto a los mismos, rescatando sus usos y costumbres.<\/p>\n<p>Se\u00f1al\u00f3 que la colaboraci\u00f3n estrecha con el comit\u00e9 vecinal, permitir\u00e1 al Gobierno Municipal establecer una agenda de acciones a llevar a cabo para el mejoramiento integral del lugar mediante servicios como pintura de fachadas, seguridad en la zona, poda de \u00e1reas verdes y servicio de residuos s\u00f3lidos entre otros.<\/p>\n<p>Asimismo la jornada incluy\u00f3 actividades de sana convivencia, como m\u00fasica en vivo, tunas, rondallas, recorrido de leyendas y la tradicional callejoneada; costumbres que se adhieren a la oferta gastron\u00f3mica que a lo largo de la historia ha brindado el Barrio de San Juan y su mercado.<br \/>\nSan Juan es el cuarto barrio o plaza, objeto del Programa de Rescate en este 2017 y el noveno en lo que va de la Administraci\u00f3n Municipal, en una estrategia que continuar\u00e1 su exitoso andar.<\/p>\n","protected":false},"excerpt":{"rendered":"<p>*El Titular Gaspar Hern\u00e1ndez Razo encabez\u00f3 el arranque del programa de rescate de la Plaza San Juan. Morelia, Mich a 30 de Junio del 2017. BOLETIN 2017. Para el Gobierno Municipal Independiente que encabeza el Alcalde, Alfonso Mart\u00ednez Alc\u00e1zar, resulta indispensable establecer estrategias de rescate de barrios y sitios, en especial en la zona Centro [&hellip;]<\/p>\n","protected":false},"author":2,"featured_media":39046,"comment_status":"closed","ping_status":"closed","sticky":false,"template":"","format":"standard","meta":{"footnotes":""},"categories":[14,60,9],"tags":[],"class_list":["post-39045","post","type-post","status-publish","format-standard","has-post-thumbnail","hentry","category-destacadas","category-michoacan","category-morelia"],"_links":{"self":[{"href":"https:\/\/radiowebmx.com\/nota\/wp-json\/wp\/v2\/posts\/39045","targetHints":{"allow":["GET"]}}],"collection":[{"href":"https:\/\/radiowebmx.com\/nota\/wp-json\/wp\/v2\/posts"}],"about":[{"href":"https:\/\/radiowebmx.com\/nota\/wp-json\/wp\/v2\/types\/post"}],"author":[{"embeddable":true,"href":"https:\/\/radiowebmx.com\/nota\/wp-json\/wp\/v2\/users\/2"}],"replies":[{"embeddable":true,"href":"https:\/\/radiowebmx.com\/nota\/wp-json\/wp\/v2\/comments?post=39045"}],"version-history":[{"count":1,"href":"https:\/\/radiowebmx.com\/nota\/wp-json\/wp\/v2\/posts\/39045\/revisions"}],"predecessor-version":[{"id":39048,"href":"https:\/\/radiowebmx.com\/nota\/wp-json\/wp\/v2\/posts\/39045\/revisions\/39048"}],"wp:featuredmedia":[{"embeddable":true,"href":"https:\/\/radiowebmx.com\/nota\/wp-json\/wp\/v2\/media\/39046"}],"wp:attachment":[{"href":"https:\/\/radiowebmx.com\/nota\/wp-json\/wp\/v2\/media?parent=39045"}],"wp:term":[{"taxonomy":"category","embeddable":true,"href":"https:\/\/radiowebmx.com\/nota\/wp-json\/wp\/v2\/categories?post=39045"},{"taxonomy":"post_tag","embeddable":true,"href":"https:\/\/radiowebmx.com\/nota\/wp-json\/wp\/v2\/tags?post=39045"}],"curies":[{"name":"wp","href":"https:\/\/api.w.org\/{rel}","templated":true}]}}