{"id":39033,"date":"2017-07-01T14:12:56","date_gmt":"2017-07-01T19:12:56","guid":{"rendered":"https:\/\/radiowebmx.com\/nota\/?p=39033"},"modified":"2017-07-03T11:37:22","modified_gmt":"2017-07-03T16:37:22","slug":"reconocen-a-alfonso-martinez-como-primer-ingeniero-que-encabeza-gobierno-independiente","status":"publish","type":"post","link":"https:\/\/radiowebmx.com\/nota\/reconocen-a-alfonso-martinez-como-primer-ingeniero-que-encabeza-gobierno-independiente\/","title":{"rendered":"Reconocen a Alfonso Mart\u00ednez como primer ingeniero que encabeza Gobierno Independiente"},"content":{"rendered":"<p>*El Presidente Municipal acudi\u00f3 al acto del D\u00eda Nacional del Ingeniero 2017.<\/p>\n<p>Morelia, Mich., a 01 de julio de 2017<br \/>\nBOLET\u00cdN. 1071\/2017<\/p>\n<p>El Presidente Municipal de Morelia, Alfonso Mart\u00ednez Alc\u00e1zar, recibi\u00f3 este s\u00e1bado, un reconocimiento por ser el primer Ingeniero que encabeza un Gobierno Independiente, por parte del Colegio de Ingenieros de Michoac\u00e1n.<br \/>\n<a href=\"https:\/\/radiowebmx.com\/nota\/wp-content\/uploads\/2017\/07\/7faac299-09a1-4572-8aab-5e2f59448a4e.jpg\"><img loading=\"lazy\" decoding=\"async\" src=\"https:\/\/radiowebmx.com\/nota\/wp-content\/uploads\/2017\/07\/7faac299-09a1-4572-8aab-5e2f59448a4e-595x396.jpg\" alt=\"\" width=\"595\" height=\"396\" class=\"alignnone size-medium wp-image-39035\" srcset=\"https:\/\/radiowebmx.com\/nota\/wp-content\/uploads\/2017\/07\/7faac299-09a1-4572-8aab-5e2f59448a4e-595x396.jpg 595w, https:\/\/radiowebmx.com\/nota\/wp-content\/uploads\/2017\/07\/7faac299-09a1-4572-8aab-5e2f59448a4e-272x182.jpg 272w, https:\/\/radiowebmx.com\/nota\/wp-content\/uploads\/2017\/07\/7faac299-09a1-4572-8aab-5e2f59448a4e.jpg 709w\" sizes=\"auto, (max-width: 595px) 100vw, 595px\" \/><\/a><br \/>\nEn el marco del acto conmemorativo al D\u00eda Nacional del Ingeniero 2017, en el que estuvieron presentes el Gobernador del Estado, Silvano Aureoles Conejo; el presidente del Consejo Mundial de Ingenieros Civiles, Alfonso Alberto Gonz\u00e1lez Fern\u00e1ndez; as\u00ed como el presidente del Colegio de Industriales, Rafael Lara Hern\u00e1ndez, el Alcalde, destac\u00f3 que la Administraci\u00f3n que preside ha trabajado fuertemente para recuperar todos los rincones y espacios del municipio, a trav\u00e9s de programas e infraestructura \u00f3ptima y de calidad.<\/p>\n<p>Tras dar la bienvenida a los asistentes, reconoci\u00f3 la gran labor que realizan los profesionales de la ingenier\u00eda en sus diferentes \u00e1mbitos, quienes contribuyen de manera significativa en mejorar las condiciones de la poblaci\u00f3n.<\/p>\n<p>Mart\u00ednez Alc\u00e1zar, aprovech\u00f3 para enfatizar el inter\u00e9s de este Gobierno Municipal por preservar el Patrimonio Cultural de la Humanidad; \u201ctodos los morelianos nos sentimos profundamente orgullosos del Centro hist\u00f3rico, quien cuenta con  mil 113 edificios catalogados en esta inscripci\u00f3n, por lo que autoridades y ciudadanos somos custodios de este patrimonio\u201d.<\/p>\n<p>Ante decenas de ingenieros provenientes de diferentes partes de la Rep\u00fablica Mexicana, as\u00ed como del interior de la entidad, conmin\u00f3 a los presentes a disfrutar a la ciudad, tanto del primer cuadro del municipio, como de sus alrededores.<\/p>\n<p>Es de se\u00f1alar que en este evento tambi\u00e9n asistieron el presidente nacional de la Asociaci\u00f3n Mexicana de la Industria de la Construcci\u00f3n (AMIC), Francisco Javier Gallo Palmer; el Magistrado de la Segunda Sala Penal del Supremo Tribunal de Justicia del Estado, Juan Salvador Hern\u00e1ndez; as\u00ed como el rector de la Universidad Michoacana de San Nicol\u00e1s de Hidalgo (UMSNH), Medardo Serna Gonz\u00e1lez.<\/p>\n","protected":false},"excerpt":{"rendered":"<p>*El Presidente Municipal acudi\u00f3 al acto del D\u00eda Nacional del Ingeniero 2017. Morelia, Mich., a 01 de julio de 2017 BOLET\u00cdN. 1071\/2017 El Presidente Municipal de Morelia, Alfonso Mart\u00ednez Alc\u00e1zar, recibi\u00f3 este s\u00e1bado, un reconocimiento por ser el primer Ingeniero que encabeza un Gobierno Independiente, por parte del Colegio de Ingenieros de Michoac\u00e1n. En el [&hellip;]<\/p>\n","protected":false},"author":2,"featured_media":39034,"comment_status":"closed","ping_status":"closed","sticky":false,"template":"","format":"standard","meta":{"footnotes":""},"categories":[14,60,9],"tags":[],"class_list":["post-39033","post","type-post","status-publish","format-standard","has-post-thumbnail","hentry","category-destacadas","category-michoacan","category-morelia"],"_links":{"self":[{"href":"https:\/\/radiowebmx.com\/nota\/wp-json\/wp\/v2\/posts\/39033","targetHints":{"allow":["GET"]}}],"collection":[{"href":"https:\/\/radiowebmx.com\/nota\/wp-json\/wp\/v2\/posts"}],"about":[{"href":"https:\/\/radiowebmx.com\/nota\/wp-json\/wp\/v2\/types\/post"}],"author":[{"embeddable":true,"href":"https:\/\/radiowebmx.com\/nota\/wp-json\/wp\/v2\/users\/2"}],"replies":[{"embeddable":true,"href":"https:\/\/radiowebmx.com\/nota\/wp-json\/wp\/v2\/comments?post=39033"}],"version-history":[{"count":1,"href":"https:\/\/radiowebmx.com\/nota\/wp-json\/wp\/v2\/posts\/39033\/revisions"}],"predecessor-version":[{"id":39036,"href":"https:\/\/radiowebmx.com\/nota\/wp-json\/wp\/v2\/posts\/39033\/revisions\/39036"}],"wp:featuredmedia":[{"embeddable":true,"href":"https:\/\/radiowebmx.com\/nota\/wp-json\/wp\/v2\/media\/39034"}],"wp:attachment":[{"href":"https:\/\/radiowebmx.com\/nota\/wp-json\/wp\/v2\/media?parent=39033"}],"wp:term":[{"taxonomy":"category","embeddable":true,"href":"https:\/\/radiowebmx.com\/nota\/wp-json\/wp\/v2\/categories?post=39033"},{"taxonomy":"post_tag","embeddable":true,"href":"https:\/\/radiowebmx.com\/nota\/wp-json\/wp\/v2\/tags?post=39033"}],"curies":[{"name":"wp","href":"https:\/\/api.w.org\/{rel}","templated":true}]}}