{"id":3903,"date":"2013-09-14T11:21:16","date_gmt":"2013-09-14T16:21:16","guid":{"rendered":"https:\/\/radiowebmx.com\/nota\/?p=3903"},"modified":"2013-10-02T12:59:38","modified_gmt":"2013-10-02T17:59:38","slug":"jovenes-michoacanos-podran-liberar-su-servicio-social-en-la-iniciativa-privada","status":"publish","type":"post","link":"https:\/\/radiowebmx.com\/nota\/jovenes-michoacanos-podran-liberar-su-servicio-social-en-la-iniciativa-privada\/","title":{"rendered":"J\u00d3VENES MICHOACANOS PODR\u00c1N LIBERAR SU SERVICIO SOCIAL EN LA INICIATIVA PRIVADA"},"content":{"rendered":"<p><a href=\"https:\/\/radiowebmx.com\/nota\/wp-content\/uploads\/2013\/09\/image.jpeg\"><img loading=\"lazy\" decoding=\"async\" class=\"alignleft size-full wp-image-3904\" alt=\"image\" src=\"https:\/\/radiowebmx.com\/nota\/wp-content\/uploads\/2013\/09\/image.jpeg\" width=\"591\" height=\"300\" \/><\/a>Autoridades gubernamentales, instituciones educativas e iniciativa privada de la regi\u00f3n Baj\u00edo de la entidad, firmaron el convenio de colaboraci\u00f3n &#8220;Servicio Social y tu regi\u00f3n, comprometidos para un mejor desarrollo&#8221;, programa operado por la Comisi\u00f3n Ejecutiva del Servicio Social de Pasantes, recientemente fusionada a la Secretar\u00eda de los J\u00f3venes del estado.<\/p>\n<p>&nbsp;<\/p>\n<p>Gracias a la firma de dicho convenio, los j\u00f3venes estudiantes de carreras profesionales y t\u00e9cnicas podr\u00e1n cumplir con el requisito indispensable del Servicio Social en empresas y organismos afines, y no s\u00f3lo en instituciones gubernamentales como se ha venido haciendo desde hace 7 d\u00e9cadas.<\/p>\n<p>&nbsp;<\/p>\n<p>Durante el acto protocolario, celebrado en la Casa de las Artes de Zacapu, Francisco Xavier Lara Medina, secretario de los J\u00f3venes y encargado del Despacho de la Comisi\u00f3n Ejecutiva del Servicio Social de Pasantes, destac\u00f3 que este acuerdo significa buenas noticias para la entidad y celebr\u00f3 que corresponda a los actores sociales como las instituciones acad\u00e9micas y la iniciativa privada, el encabezarlas.<\/p>\n<p>&nbsp;<\/p>\n<p>Ante decenas de j\u00f3venes que ser\u00e1n beneficiados durante el presente ciclo escolar, el titular de la Sejoven destac\u00f3 que este convenio tambi\u00e9n representa una acci\u00f3n concreta del Acuerdo por Michoac\u00e1n, que en d\u00edas pasados sign\u00f3 el gobernador Jes\u00fas Reyna Garc\u00eda, con sectores organizados de la sociedad civil.<\/p>\n<p>&nbsp;<\/p>\n<p>\u201cEstos programas son una muestra de lo que los michoacanos estamos haciendo para generar una imagen positiva de nuestro estado y de su gente, porque somos m\u00e1s la gente de bien&#8221;, se\u00f1al\u00f3 Lara Medina.<\/p>\n<p>&nbsp;<\/p>\n<p>Por su parte, el alcalde de Zacapu, Alejandro Tejeda L\u00f3pez felicit\u00f3 a los involucrados en esta iniciativa e hizo un llamado a los j\u00f3venes a aprovechar esta oportunidad de elegir d\u00f3nde realizar\u00e1n el servicio, poner en pr\u00e1ctica sus conocimientos y aprender a ser responsables.<\/p>\n<p>&nbsp;<\/p>\n<p>Tambi\u00e9n solicit\u00f3 a los empresarios obtener de los j\u00f3venes el provecho correcto y a la vez prepararlos para una carrera laboral productiva y dotar a los alumnos de esas herramientas que s\u00f3lo se aprenden en la pr\u00e1ctica.<\/p>\n<p>&nbsp;<\/p>\n<p>&nbsp;<\/p>\n<p>En su intervenci\u00f3n, Rosabel P\u00e9rez \u00c1lvarez, del Centro Universitario del Valle de Zacapu, resalt\u00f3 la importancia que tiene este convenio para todas las instituciones de educaci\u00f3n superior de la regi\u00f3n, pues significar\u00e1 para los pasantes una oportunidad para demostrar sus conocimientos y aportar soluciones a las problem\u00e1ticas de su entorno al sector productivo.<\/p>\n<p>&nbsp;<\/p>\n<p>P\u00e9rez \u00c1lvarez destac\u00f3 la necesidad de formar profesionistas con valores primordiales como el respeto al medio ambiente y la ecolog\u00eda, as\u00ed como un esp\u00edritu de servicio, lo que inducir\u00e1 a prestadores y empresas receptoras a actuar y contribuir a que exista una mayor equidad social. &#8220;Es urgente romper el paradigma que el Servicio Social no es importante&#8221;, finaliz\u00f3.<\/p>\n<p>&nbsp;<\/p>\n<p>Xicot\u00e9ncatl Garc\u00eda, presidente de la Coparmex Zacapu, a nombre del empresariado local agradeci\u00f3 la oportunidad que se brinda a j\u00f3venes y empresarios de vincularse desde el estudio de una carrera y no como se hac\u00eda anteriormente, cuando la liberaci\u00f3n del Servicio Social se hac\u00eda exclusivamente en organismos de gobierno.<\/p>\n<p>&nbsp;<\/p>\n<p>&#8220;Es un honor para nosotros ayudar a los j\u00f3venes y ser una opci\u00f3n real, en la que su tr\u00e1mite tenga repercusiones en la sociedad, no s\u00f3lo mediante acciones como la siembra de \u00e1rboles o tareas en beneficio de alg\u00fan sector, sino tambi\u00e9n ayudando a los negocios a generar empleos, ofreciendo as\u00ed mejores condiciones de vida a los habitantes de la regi\u00f3n&#8221;, se\u00f1al\u00f3 el empresario.<\/p>\n<p>&nbsp;<\/p>\n<p>El dirigente empresarial tambi\u00e9n destac\u00f3 la importancia de ganar experiencia ya sea para conseguir alg\u00fan trabajo, o bien para emprender alg\u00fan negocio propio. &#8220;Este tr\u00e1mite les permitir\u00e1 ir haciendo curr\u00edculum, al aprender a solucionar situaciones cotidianas&#8221;, recalc\u00f3.<\/p>\n<p>&nbsp;<\/p>\n<p>Salvador Rivas L\u00f3pez, enlace entre la Comisi\u00f3n del Servicio Social y la Sejoven, destac\u00f3 que hay empresas que han decidido ofrecer peque\u00f1as remuneraciones a los prestadores, lo que convierte el tr\u00e1mite en el primer empleo de muchos de estos j\u00f3venes.<\/p>\n<p>&nbsp;<\/p>\n<p>En el evento tambi\u00e9n estuvieron presentes Jos\u00e9 Romeo Almanza, secretario del Ayuntamiento de Chilchota; Sergio Vel\u00e1zquez de la Luz, director de Desarrollo Social de<b>\u00a0<\/b>Huaniqueo, en representaci\u00f3n de la presidenta municipal Mar\u00eda Eugenia Rosas Gonz\u00e1lez, y C\u00e9sar Adame, secretario del Ayuntamiento de Villa Jim\u00e9nez.<\/p>\n<p>&nbsp;<\/p>\n<p>As\u00ed como representantes del Centro Universitario del Valle de Zacapu, la empresa Macsa, Sistema de Agua Potable y Alcantarillado de Zacapu, Presidencia Municipal de Pur\u00e9pero, Centro de Estudios T\u00e9cnicos Miguel Hidalgo, CBTA 137, Conalep, UVAQ Zacapu y Canaco Servytur.<b><\/b><\/p>\n","protected":false},"excerpt":{"rendered":"<p>Autoridades gubernamentales, instituciones educativas e iniciativa privada de la regi\u00f3n Baj\u00edo de la entidad, firmaron el convenio de colaboraci\u00f3n &#8220;Servicio Social y tu regi\u00f3n, comprometidos para un mejor desarrollo&#8221;, <\/p>\n","protected":false},"author":1,"featured_media":0,"comment_status":"open","ping_status":"open","sticky":false,"template":"","format":"standard","meta":{"footnotes":""},"categories":[14,3],"tags":[],"class_list":["post-3903","post","type-post","status-publish","format-standard","hentry","category-destacadas","category-gobierno-del-estado-de-michoacan"],"_links":{"self":[{"href":"https:\/\/radiowebmx.com\/nota\/wp-json\/wp\/v2\/posts\/3903","targetHints":{"allow":["GET"]}}],"collection":[{"href":"https:\/\/radiowebmx.com\/nota\/wp-json\/wp\/v2\/posts"}],"about":[{"href":"https:\/\/radiowebmx.com\/nota\/wp-json\/wp\/v2\/types\/post"}],"author":[{"embeddable":true,"href":"https:\/\/radiowebmx.com\/nota\/wp-json\/wp\/v2\/users\/1"}],"replies":[{"embeddable":true,"href":"https:\/\/radiowebmx.com\/nota\/wp-json\/wp\/v2\/comments?post=3903"}],"version-history":[{"count":3,"href":"https:\/\/radiowebmx.com\/nota\/wp-json\/wp\/v2\/posts\/3903\/revisions"}],"predecessor-version":[{"id":4042,"href":"https:\/\/radiowebmx.com\/nota\/wp-json\/wp\/v2\/posts\/3903\/revisions\/4042"}],"wp:attachment":[{"href":"https:\/\/radiowebmx.com\/nota\/wp-json\/wp\/v2\/media?parent=3903"}],"wp:term":[{"taxonomy":"category","embeddable":true,"href":"https:\/\/radiowebmx.com\/nota\/wp-json\/wp\/v2\/categories?post=3903"},{"taxonomy":"post_tag","embeddable":true,"href":"https:\/\/radiowebmx.com\/nota\/wp-json\/wp\/v2\/tags?post=3903"}],"curies":[{"name":"wp","href":"https:\/\/api.w.org\/{rel}","templated":true}]}}