{"id":38963,"date":"2017-06-30T17:32:19","date_gmt":"2017-06-30T22:32:19","guid":{"rendered":"https:\/\/radiowebmx.com\/nota\/?p=38963"},"modified":"2017-07-02T12:46:14","modified_gmt":"2017-07-02T17:46:14","slug":"anuncia-gobernador-obras-de-alto-impacto-para-nuevo-urecho","status":"publish","type":"post","link":"https:\/\/radiowebmx.com\/nota\/anuncia-gobernador-obras-de-alto-impacto-para-nuevo-urecho\/","title":{"rendered":"Anuncia Gobernador obras de alto impacto para Nuevo Urecho"},"content":{"rendered":"<p>El mandatario Silvano Aureoles inaugura obras en beneficio de las y los pobladores de la comunidad de Ib\u00e9rica.<\/p>\n<p>Reconoce al Congreso del Estado por aprobar la Reingenier\u00eda del Gobierno del Estado para realizar ahorros de hasta un 25 por ciento, en beneficio a las demandas de municipios y comunidades.<\/p>\n<p>Ib\u00e9rica, mpio. de Nuevo Urecho, Michoac\u00e1n, a 30 de junio de 2017.- Al reconocer las carencias, necesidades y limitaciones por las que atraviesa el municipio de Nuevo Urecho, el Gobernador Constitucional Silvano Aureoles Conejo destac\u00f3 que \u00e9ste ser\u00e1 renovado en su totalidad con obras de alto impacto en las diversas comunidades, que permitir\u00e1n beneficiar a todos los sectores de la sociedad y que detonar\u00e1n el desarrollo econ\u00f3mico y social de la regi\u00f3n.<br \/>\n<a href=\"https:\/\/radiowebmx.com\/nota\/wp-content\/uploads\/2017\/07\/745231ba-c080-480b-9cd2-418e3e0ec885.jpeg\"><img loading=\"lazy\" decoding=\"async\" src=\"https:\/\/radiowebmx.com\/nota\/wp-content\/uploads\/2017\/07\/745231ba-c080-480b-9cd2-418e3e0ec885-595x396.jpeg\" alt=\"\" width=\"595\" height=\"396\" class=\"alignnone size-medium wp-image-38965\" srcset=\"https:\/\/radiowebmx.com\/nota\/wp-content\/uploads\/2017\/07\/745231ba-c080-480b-9cd2-418e3e0ec885-595x396.jpeg 595w, https:\/\/radiowebmx.com\/nota\/wp-content\/uploads\/2017\/07\/745231ba-c080-480b-9cd2-418e3e0ec885-272x182.jpeg 272w, https:\/\/radiowebmx.com\/nota\/wp-content\/uploads\/2017\/07\/745231ba-c080-480b-9cd2-418e3e0ec885.jpeg 709w\" sizes=\"auto, (max-width: 595px) 100vw, 595px\" \/><\/a><br \/>\nEn el marco de su visita a este municipio, el mandatario estatal supervis\u00f3 la construcci\u00f3n del camino Nuevo Urecho-San Jos\u00e9 las Ca\u00f1as; asimismo inaugur\u00f3 obras por el orden de casi un mill\u00f3n de pesos: la pavimentaci\u00f3n con concreto hidr\u00e1ulico, sistema de agua potable y drenaje de las calles Chihuahua y Chiapas, y la instalaci\u00f3n de los drenajes de las calles Quintana Roo y Quer\u00e9taro, ambas en la comunidad de Ib\u00e9rica, y que eran de las demandas m\u00e1s solicitadas por los habitantes de la zona.<\/p>\n<p>El titular del Ejecutivo Estatal anunci\u00f3 compromisos en beneficio de la comunidad, pues contar\u00e1 pr\u00f3ximamente con una ambulancia bien equipada, una unidad para el transporte de personas con discapacidad, un Centro de Salud con todos los servicios que beneficien a las y los pobladores del lugar, as\u00ed como la rehabilitaci\u00f3n del Telebachillerato de la comunidad de San Vicente y del Kinder &#8220;Julio Berne&#8221; de Ib\u00e9rica; &#8220;los ni\u00f1os y j\u00f3venes pronto estudiar\u00e1n en las condiciones dignas y que merecen&#8221;.<\/p>\n<p>Asimismo, Aureoles Conejo afirm\u00f3 que ser\u00e1n rehabilitados diversos tramos carreteros y se tomar\u00e1 en cuenta que los mismos conecten entre las comunidades para garantizar un mayor beneficio para las y los productores de la zona.<\/p>\n<p>Aprovech\u00f3 para hacer un amplio reconocimiento al Congreso Estatal por aprobar la Reingenier\u00eda del Gobierno del Estado para realizar ahorros de hasta un 25 por ciento, que permitir\u00e1n atender las demandas m\u00e1s sentidas de los municipios y comunidades, y asegur\u00f3 que no se escatimar\u00e1n esfuerzos para sacar adelante a Michoac\u00e1n.<\/p>\n<p>&#8220;Por primera vez en 25 a\u00f1os un Gobierno reduce sus gastos en lugar de incrementarlos. Este ahorro nos permitir\u00e1 tener mayor recurso para el a\u00f1o entrante y con ello podremos hacerle frente a los retos en materia educativa, de seguridad, de salud y otras demandas de las y los michoacanos&#8221;, abund\u00f3.<\/p>\n<p>Otro de los compromisos del mandatario michoacano en esta regi\u00f3n fue mantener el trabajo coordinado para ofrecer las condiciones de seguridad que tanto demandan las y los michoacanos.<\/p>\n<p>Adolfo Rodr\u00edguez S\u00e1nchez, presidente municipal de Nuevo Urecho, extern\u00f3 que estas obras son las primeras de muchas, mismas que fueron realizadas para que los y las ciudadanas puedan gozar de un mayor bienestar y mejorar su calidad de vida.<\/p>\n<p>El edil agradeci\u00f3 el apoyo y acompa\u00f1amiento de Aureoles Conejo, espec\u00edficamente con la entrega de maquinaria para el impulso del sector agr\u00edcola, herramientas que han sido pieza clave para detonar el mismo; asimismo dio a conocer al mandatario las principales necesidades de la regi\u00f3n, mismas que ser\u00e1n atendidas a la brevedad.<\/p>\n<p>Domingo Garc\u00eda Zalce, uno de los tantos beneficiarios en esta obra, asegur\u00f3 que sin duda estas acciones contribuyen a mejorar las condiciones en las que viven las y los pobladores de Ib\u00e9rica.<\/p>\n<p>Aprovech\u00f3 tambi\u00e9n para felicitar al Gobernador por escuchar la petici\u00f3n de la rehabilitaci\u00f3n de las escuelas, pues enfatiz\u00f3 que las aulas que se encuentran en condiciones precarias hab\u00edan sido olvidadas totalmente en anteriores administraciones.<\/p>\n<p>Ebodio Torres Torres, jefe de Tenencia, reconoci\u00f3 el trabajo del titular del Ejecutivo Estatal y lo invit\u00f3 a mantenerse por ese camino en beneficio de las comunidades m\u00e1s necesitadas.<\/p>\n<p>Tambi\u00e9n hizo un llamado a la ciudadan\u00eda a coadyuvar de la mano del Gobierno Estatal y ser pacientes, &#8220;pues grandes obras no se pueden concretar de la noche a la ma\u00f1ana, pero vamos bien&#8221;.<\/p>\n<p>En la gira de trabajo tambi\u00e9n estuvieron presentes Cruz Isaac Mu\u00f1oz Navarro, comandante de la 43 Zona Militar; Eduardo Noel Villa Ortiz, director general de la Junta de Caminos; Pedro Gustavo Valenzuela Cantellano, director del Servicio Nacional del Empleo en Michoac\u00e1n y enlace estatal con el municipio; Hugo Verduzco Medina, Fiscal Regional de Uruapan, entre otros.<\/p>\n","protected":false},"excerpt":{"rendered":"<p>El mandatario Silvano Aureoles inaugura obras en beneficio de las y los pobladores de la comunidad de Ib\u00e9rica. Reconoce al Congreso del Estado por aprobar la Reingenier\u00eda del Gobierno del Estado para realizar ahorros de hasta un 25 por ciento, en beneficio a las demandas de municipios y comunidades. Ib\u00e9rica, mpio. de Nuevo Urecho, Michoac\u00e1n, [&hellip;]<\/p>\n","protected":false},"author":2,"featured_media":38964,"comment_status":"closed","ping_status":"closed","sticky":false,"template":"","format":"standard","meta":{"footnotes":""},"categories":[14,3,60],"tags":[],"class_list":["post-38963","post","type-post","status-publish","format-standard","has-post-thumbnail","hentry","category-destacadas","category-gobierno-del-estado-de-michoacan","category-michoacan"],"_links":{"self":[{"href":"https:\/\/radiowebmx.com\/nota\/wp-json\/wp\/v2\/posts\/38963","targetHints":{"allow":["GET"]}}],"collection":[{"href":"https:\/\/radiowebmx.com\/nota\/wp-json\/wp\/v2\/posts"}],"about":[{"href":"https:\/\/radiowebmx.com\/nota\/wp-json\/wp\/v2\/types\/post"}],"author":[{"embeddable":true,"href":"https:\/\/radiowebmx.com\/nota\/wp-json\/wp\/v2\/users\/2"}],"replies":[{"embeddable":true,"href":"https:\/\/radiowebmx.com\/nota\/wp-json\/wp\/v2\/comments?post=38963"}],"version-history":[{"count":1,"href":"https:\/\/radiowebmx.com\/nota\/wp-json\/wp\/v2\/posts\/38963\/revisions"}],"predecessor-version":[{"id":38966,"href":"https:\/\/radiowebmx.com\/nota\/wp-json\/wp\/v2\/posts\/38963\/revisions\/38966"}],"wp:featuredmedia":[{"embeddable":true,"href":"https:\/\/radiowebmx.com\/nota\/wp-json\/wp\/v2\/media\/38964"}],"wp:attachment":[{"href":"https:\/\/radiowebmx.com\/nota\/wp-json\/wp\/v2\/media?parent=38963"}],"wp:term":[{"taxonomy":"category","embeddable":true,"href":"https:\/\/radiowebmx.com\/nota\/wp-json\/wp\/v2\/categories?post=38963"},{"taxonomy":"post_tag","embeddable":true,"href":"https:\/\/radiowebmx.com\/nota\/wp-json\/wp\/v2\/tags?post=38963"}],"curies":[{"name":"wp","href":"https:\/\/api.w.org\/{rel}","templated":true}]}}